{"id":6507,"date":"2024-11-17T17:12:26","date_gmt":"2024-11-17T16:12:26","guid":{"rendered":"https:\/\/orient-kontor.com\/?p=6507"},"modified":"2024-11-17T17:13:19","modified_gmt":"2024-11-17T16:13:19","slug":"safran-geschmack-wonach-schmeckt-safran","status":"publish","type":"post","link":"https:\/\/orient-kontor.com\/fr\/safran-geschmack-wonach-schmeckt-safran\/","title":{"rendered":"Safran Geschmack: Wonach schmeckt Safran?"},"content":{"rendered":"<p>Safran, das \u201erote Gold\u201c, ist bekannt f\u00fcr sein einzigartiges Aroma, das Gerichten eine besondere Note verleiht. Doch wie schmeckt Safran eigentlich? Dieser Frage gehen wir auf den Grund, damit Sie das edelste Gew\u00fcrz der Welt noch besser verstehen.<\/p>\n\n\n\n<h3 class=\"wp-block-heading\">Der Geschmack von Safran: Aromatisch und Vielschichtig<\/h3>\n\n\n\n<p>Safran zeichnet sich durch einen unverwechselbaren, leicht bitteren und gleichzeitig s\u00fc\u00dflich-w\u00fcrzigen Geschmack aus. Viele beschreiben das Aroma als erdig, blumig und honigartig, mit einem Hauch von Metallik. Seine Intensit\u00e4t ist unvergleichlich, weshalb bereits eine kleine Menge ausreicht, um Gerichte geschmacklich und farblich zu veredeln. Safran passt ideal zu herzhaften Speisen wie Risotto, Paella oder Currys, aber auch zu s\u00fc\u00dfen Kreationen wie Safranmilch oder Desserts.<\/p>\n\n\n\n<h3 class=\"wp-block-heading\">Was macht den Safran-Geschmack so besonders?<\/h3>\n\n\n\n<p>Die einzigartigen Geschmackskomponenten von Safran stammen von den enthaltenen Stoffen Safranal, Picrocrocin und Crocin. W\u00e4hrend Safranal f\u00fcr das blumig-w\u00fcrzige Aroma verantwortlich ist, sorgt Picrocrocin f\u00fcr die dezente Bitternote. Crocin hingegen ist f\u00fcr die charakteristische goldgelbe Farbe zust\u00e4ndig, die Speisen ein luxuri\u00f6ses Aussehen verleiht.<\/p>\n\n\n\n<h3 class=\"wp-block-heading\">Wie entfaltet Safran sein volles Aroma?<\/h3>\n\n\n\n<p>Damit Safran seinen vollen Geschmack entfalten kann, sollten die F\u00e4den vor der Verwendung in etwas warmem Wasser oder Br\u00fche eingeweicht werden. Durch diese Methode l\u00f6sen sich die Aromen und die Farbe optimal. Anschlie\u00dfend wird die Fl\u00fcssigkeit den Speisen beigef\u00fcgt, um den typischen Geschmack gleichm\u00e4\u00dfig zu verteilen.<\/p>\n\n\n\n<h3 class=\"wp-block-heading\">Safran \u2013 Mehr als nur Geschmack<\/h3>\n\n\n\n<p>Neben seinem besonderen Aroma hat Safran auch eine kulturelle und kulinarische Bedeutung. Es ist ein Symbol f\u00fcr Luxus und Raffinesse, das seit Jahrtausenden gesch\u00e4tzt wird. Aufgrund seines aufwendigen Anbaus und der h\u00e4ndischen Ernte geh\u00f6rt Safran zu den teuersten Gew\u00fcrzen der Welt \u2013 doch sein einzigartiger Geschmack ist jeden Cent wert.<\/p>\n\n\n\n<h3 class=\"wp-block-heading\">Fazit<\/h3>\n\n\n\n<p>Der Geschmack von Safran ist eine Reise f\u00fcr die Sinne: aromatisch, blumig und leicht bitter. Ob in herzhaften oder s\u00fc\u00dfen Gerichten \u2013 Safran verleiht jedem Rezept eine besondere Note. Probieren Sie es aus und erleben Sie selbst, warum Safran als das kostbarste Gew\u00fcrz der Welt gilt.<\/p>","protected":false},"excerpt":{"rendered":"<p>Safran, das \u201erote Gold\u201c, ist bekannt f\u00fcr sein einzigartiges Aroma, das Gerichten eine besondere Note verleiht. Doch wie schmeckt Safran eigentlich? Dieser Frage gehen wir auf den Grund, damit Sie das edelste Gew\u00fcrz der Welt noch besser verstehen. Der Geschmack von Safran: Aromatisch und Vielschichtig Safran zeichnet sich durch einen unverwechselbaren, leicht bitteren und gleichzeitig [&hellip;]<\/p>\n","protected":false},"author":2,"featured_media":4788,"comment_status":"open","ping_status":"closed","sticky":false,"template":"","format":"standard","meta":{"footnotes":""},"categories":[84],"tags":[],"class_list":["post-6507","post","type-post","status-publish","format-standard","has-post-thumbnail","hentry","category-soziale-medien-2"],"yoast_head":"<!-- This site is optimized with the Yoast SEO plugin v27.4 - https:\/\/yoast.com\/product\/yoast-seo-wordpress\/ -->\n<title>Safran Geschmack: Wonach schmeckt Safran? - Orient Kontor<\/title>\n<meta name=\"robots\" content=\"index, follow, max-snippet:-1, max-image-preview:large, max-video-preview:-1\" \/>\n<link rel=\"canonical\" href=\"https:\/\/orient-kontor.com\/fr\/safran-geschmack-wonach-schmeckt-safran\/\" \/>\n<meta property=\"og:locale\" content=\"fr_FR\" \/>\n<meta property=\"og:type\" content=\"article\" \/>\n<meta property=\"og:title\" content=\"Safran Geschmack: Wonach schmeckt Safran? - Orient Kontor\" \/>\n<meta property=\"og:description\" content=\"Safran, das \u201erote Gold\u201c, ist bekannt f\u00fcr sein einzigartiges Aroma, das Gerichten eine besondere Note verleiht. Doch wie schmeckt Safran eigentlich? Dieser Frage gehen wir auf den Grund, damit Sie das edelste Gew\u00fcrz der Welt noch besser verstehen. Der Geschmack von Safran: Aromatisch und Vielschichtig Safran zeichnet sich durch einen unverwechselbaren, leicht bitteren und gleichzeitig [&hellip;]\" \/>\n<meta property=\"og:url\" content=\"https:\/\/orient-kontor.com\/fr\/safran-geschmack-wonach-schmeckt-safran\/\" \/>\n<meta property=\"og:site_name\" content=\"Orient Kontor\" \/>\n<meta property=\"article:publisher\" content=\"https:\/\/www.facebook.com\/orientkontor\/\" \/>\n<meta property=\"article:published_time\" content=\"2024-11-17T16:12:26+00:00\" \/>\n<meta property=\"article:modified_time\" content=\"2024-11-17T16:13:19+00:00\" \/>\n<meta property=\"og:image\" content=\"https:\/\/orient-kontor.com\/wp-content\/uploads\/2020\/08\/Safran_Detail2-scaled.jpg\" \/>\n\t<meta property=\"og:image:width\" content=\"2048\" \/>\n\t<meta property=\"og:image:height\" content=\"1805\" \/>\n\t<meta property=\"og:image:type\" content=\"image\/jpeg\" \/>\n<meta name=\"author\" content=\"Simon Grutschus\" \/>\n<meta name=\"twitter:card\" content=\"summary_large_image\" \/>\n<meta name=\"twitter:label1\" content=\"\u00c9crit par\" \/>\n\t<meta name=\"twitter:data1\" content=\"Simon Grutschus\" \/>\n\t<meta name=\"twitter:label2\" content=\"Dur\u00e9e de lecture estim\u00e9e\" \/>\n\t<meta name=\"twitter:data2\" content=\"2 minutes\" \/>\n<script type=\"application\/ld+json\" class=\"yoast-schema-graph\">{\"@context\":\"https:\\\/\\\/schema.org\",\"@graph\":[{\"@type\":\"Article\",\"@id\":\"https:\\\/\\\/orient-kontor.com\\\/safran-geschmack-wonach-schmeckt-safran\\\/#article\",\"isPartOf\":{\"@id\":\"https:\\\/\\\/orient-kontor.com\\\/safran-geschmack-wonach-schmeckt-safran\\\/\"},\"author\":{\"name\":\"Simon Grutschus\",\"@id\":\"https:\\\/\\\/orient-kontor.com\\\/#\\\/schema\\\/person\\\/f606a8e410a46eebc912b447124a05b7\"},\"headline\":\"Safran Geschmack: Wonach schmeckt Safran?\",\"datePublished\":\"2024-11-17T16:12:26+00:00\",\"dateModified\":\"2024-11-17T16:13:19+00:00\",\"mainEntityOfPage\":{\"@id\":\"https:\\\/\\\/orient-kontor.com\\\/safran-geschmack-wonach-schmeckt-safran\\\/\"},\"wordCount\":343,\"commentCount\":0,\"publisher\":{\"@id\":\"https:\\\/\\\/orient-kontor.com\\\/#organization\"},\"image\":{\"@id\":\"https:\\\/\\\/orient-kontor.com\\\/safran-geschmack-wonach-schmeckt-safran\\\/#primaryimage\"},\"thumbnailUrl\":\"https:\\\/\\\/orient-kontor.com\\\/wp-content\\\/uploads\\\/2020\\\/08\\\/Safran_Detail2-scaled.avif\",\"articleSection\":[\"Soziale Medien 2\"],\"inLanguage\":\"fr-FR\",\"potentialAction\":[{\"@type\":\"CommentAction\",\"name\":\"Comment\",\"target\":[\"https:\\\/\\\/orient-kontor.com\\\/safran-geschmack-wonach-schmeckt-safran\\\/#respond\"]}]},{\"@type\":\"WebPage\",\"@id\":\"https:\\\/\\\/orient-kontor.com\\\/safran-geschmack-wonach-schmeckt-safran\\\/\",\"url\":\"https:\\\/\\\/orient-kontor.com\\\/safran-geschmack-wonach-schmeckt-safran\\\/\",\"name\":\"Safran Geschmack: Wonach schmeckt Safran? - Orient Kontor\",\"isPartOf\":{\"@id\":\"https:\\\/\\\/orient-kontor.com\\\/#website\"},\"primaryImageOfPage\":{\"@id\":\"https:\\\/\\\/orient-kontor.com\\\/safran-geschmack-wonach-schmeckt-safran\\\/#primaryimage\"},\"image\":{\"@id\":\"https:\\\/\\\/orient-kontor.com\\\/safran-geschmack-wonach-schmeckt-safran\\\/#primaryimage\"},\"thumbnailUrl\":\"https:\\\/\\\/orient-kontor.com\\\/wp-content\\\/uploads\\\/2020\\\/08\\\/Safran_Detail2-scaled.avif\",\"datePublished\":\"2024-11-17T16:12:26+00:00\",\"dateModified\":\"2024-11-17T16:13:19+00:00\",\"breadcrumb\":{\"@id\":\"https:\\\/\\\/orient-kontor.com\\\/safran-geschmack-wonach-schmeckt-safran\\\/#breadcrumb\"},\"inLanguage\":\"fr-FR\",\"potentialAction\":[{\"@type\":\"ReadAction\",\"target\":[\"https:\\\/\\\/orient-kontor.com\\\/safran-geschmack-wonach-schmeckt-safran\\\/\"]}]},{\"@type\":\"ImageObject\",\"inLanguage\":\"fr-FR\",\"@id\":\"https:\\\/\\\/orient-kontor.com\\\/safran-geschmack-wonach-schmeckt-safran\\\/#primaryimage\",\"url\":\"https:\\\/\\\/orient-kontor.com\\\/wp-content\\\/uploads\\\/2020\\\/08\\\/Safran_Detail2-scaled.avif\",\"contentUrl\":\"https:\\\/\\\/orient-kontor.com\\\/wp-content\\\/uploads\\\/2020\\\/08\\\/Safran_Detail2-scaled.avif\",\"width\":2048,\"height\":1805},{\"@type\":\"BreadcrumbList\",\"@id\":\"https:\\\/\\\/orient-kontor.com\\\/safran-geschmack-wonach-schmeckt-safran\\\/#breadcrumb\",\"itemListElement\":[{\"@type\":\"ListItem\",\"position\":1,\"name\":\"Startseite\",\"item\":\"https:\\\/\\\/orient-kontor.com\\\/\"},{\"@type\":\"ListItem\",\"position\":2,\"name\":\"Safran Geschmack: Wonach schmeckt Safran?\"}]},{\"@type\":\"WebSite\",\"@id\":\"https:\\\/\\\/orient-kontor.com\\\/#website\",\"url\":\"https:\\\/\\\/orient-kontor.com\\\/\",\"name\":\"Orient Kontor\",\"description\":\"\",\"publisher\":{\"@id\":\"https:\\\/\\\/orient-kontor.com\\\/#organization\"},\"potentialAction\":[{\"@type\":\"SearchAction\",\"target\":{\"@type\":\"EntryPoint\",\"urlTemplate\":\"https:\\\/\\\/orient-kontor.com\\\/?s={search_term_string}\"},\"query-input\":{\"@type\":\"PropertyValueSpecification\",\"valueRequired\":true,\"valueName\":\"search_term_string\"}}],\"inLanguage\":\"fr-FR\"},{\"@type\":\"Organization\",\"@id\":\"https:\\\/\\\/orient-kontor.com\\\/#organization\",\"name\":\"Orient Kontor\",\"url\":\"https:\\\/\\\/orient-kontor.com\\\/\",\"logo\":{\"@type\":\"ImageObject\",\"inLanguage\":\"fr-FR\",\"@id\":\"https:\\\/\\\/orient-kontor.com\\\/#\\\/schema\\\/logo\\\/image\\\/\",\"url\":\"https:\\\/\\\/orient-kontor.com\\\/wp-content\\\/uploads\\\/2020\\\/08\\\/orient-kontor-logo.png\",\"contentUrl\":\"https:\\\/\\\/orient-kontor.com\\\/wp-content\\\/uploads\\\/2020\\\/08\\\/orient-kontor-logo.png\",\"width\":800,\"height\":302,\"caption\":\"Orient Kontor\"},\"image\":{\"@id\":\"https:\\\/\\\/orient-kontor.com\\\/#\\\/schema\\\/logo\\\/image\\\/\"},\"sameAs\":[\"https:\\\/\\\/www.facebook.com\\\/orientkontor\\\/\",\"https:\\\/\\\/www.instagram.com\\\/orient_kontor\\\/\"]},{\"@type\":\"Person\",\"@id\":\"https:\\\/\\\/orient-kontor.com\\\/#\\\/schema\\\/person\\\/f606a8e410a46eebc912b447124a05b7\",\"name\":\"Simon Grutschus\",\"sameAs\":[\"https:\\\/\\\/orient-kontor.com\"]}]}<\/script>\n<!-- \/ Yoast SEO plugin. -->","yoast_head_json":{"title":"Safran Geschmack: Wonach schmeckt Safran? - Orient Kontor","robots":{"index":"index","follow":"follow","max-snippet":"max-snippet:-1","max-image-preview":"max-image-preview:large","max-video-preview":"max-video-preview:-1"},"canonical":"https:\/\/orient-kontor.com\/fr\/safran-geschmack-wonach-schmeckt-safran\/","og_locale":"fr_FR","og_type":"article","og_title":"Safran Geschmack: Wonach schmeckt Safran? - Orient Kontor","og_description":"Safran, das \u201erote Gold\u201c, ist bekannt f\u00fcr sein einzigartiges Aroma, das Gerichten eine besondere Note verleiht. Doch wie schmeckt Safran eigentlich? Dieser Frage gehen wir auf den Grund, damit Sie das edelste Gew\u00fcrz der Welt noch besser verstehen. Der Geschmack von Safran: Aromatisch und Vielschichtig Safran zeichnet sich durch einen unverwechselbaren, leicht bitteren und gleichzeitig [&hellip;]","og_url":"https:\/\/orient-kontor.com\/fr\/safran-geschmack-wonach-schmeckt-safran\/","og_site_name":"Orient Kontor","article_publisher":"https:\/\/www.facebook.com\/orientkontor\/","article_published_time":"2024-11-17T16:12:26+00:00","article_modified_time":"2024-11-17T16:13:19+00:00","og_image":[{"width":2048,"height":1805,"url":"https:\/\/orient-kontor.com\/wp-content\/uploads\/2020\/08\/Safran_Detail2-scaled.jpg","type":"image\/jpeg"}],"author":"Simon Grutschus","twitter_card":"summary_large_image","twitter_misc":{"\u00c9crit par":"Simon Grutschus","Dur\u00e9e de lecture estim\u00e9e":"2 minutes"},"schema":{"@context":"https:\/\/schema.org","@graph":[{"@type":"Article","@id":"https:\/\/orient-kontor.com\/safran-geschmack-wonach-schmeckt-safran\/#article","isPartOf":{"@id":"https:\/\/orient-kontor.com\/safran-geschmack-wonach-schmeckt-safran\/"},"author":{"name":"Simon Grutschus","@id":"https:\/\/orient-kontor.com\/#\/schema\/person\/f606a8e410a46eebc912b447124a05b7"},"headline":"Safran Geschmack: Wonach schmeckt Safran?","datePublished":"2024-11-17T16:12:26+00:00","dateModified":"2024-11-17T16:13:19+00:00","mainEntityOfPage":{"@id":"https:\/\/orient-kontor.com\/safran-geschmack-wonach-schmeckt-safran\/"},"wordCount":343,"commentCount":0,"publisher":{"@id":"https:\/\/orient-kontor.com\/#organization"},"image":{"@id":"https:\/\/orient-kontor.com\/safran-geschmack-wonach-schmeckt-safran\/#primaryimage"},"thumbnailUrl":"https:\/\/orient-kontor.com\/wp-content\/uploads\/2020\/08\/Safran_Detail2-scaled.avif","articleSection":["Soziale Medien 2"],"inLanguage":"fr-FR","potentialAction":[{"@type":"CommentAction","name":"Comment","target":["https:\/\/orient-kontor.com\/safran-geschmack-wonach-schmeckt-safran\/#respond"]}]},{"@type":"WebPage","@id":"https:\/\/orient-kontor.com\/safran-geschmack-wonach-schmeckt-safran\/","url":"https:\/\/orient-kontor.com\/safran-geschmack-wonach-schmeckt-safran\/","name":"Safran Geschmack: Wonach schmeckt Safran? - Orient Kontor","isPartOf":{"@id":"https:\/\/orient-kontor.com\/#website"},"primaryImageOfPage":{"@id":"https:\/\/orient-kontor.com\/safran-geschmack-wonach-schmeckt-safran\/#primaryimage"},"image":{"@id":"https:\/\/orient-kontor.com\/safran-geschmack-wonach-schmeckt-safran\/#primaryimage"},"thumbnailUrl":"https:\/\/orient-kontor.com\/wp-content\/uploads\/2020\/08\/Safran_Detail2-scaled.avif","datePublished":"2024-11-17T16:12:26+00:00","dateModified":"2024-11-17T16:13:19+00:00","breadcrumb":{"@id":"https:\/\/orient-kontor.com\/safran-geschmack-wonach-schmeckt-safran\/#breadcrumb"},"inLanguage":"fr-FR","potentialAction":[{"@type":"ReadAction","target":["https:\/\/orient-kontor.com\/safran-geschmack-wonach-schmeckt-safran\/"]}]},{"@type":"ImageObject","inLanguage":"fr-FR","@id":"https:\/\/orient-kontor.com\/safran-geschmack-wonach-schmeckt-safran\/#primaryimage","url":"https:\/\/orient-kontor.com\/wp-content\/uploads\/2020\/08\/Safran_Detail2-scaled.avif","contentUrl":"https:\/\/orient-kontor.com\/wp-content\/uploads\/2020\/08\/Safran_Detail2-scaled.avif","width":2048,"height":1805},{"@type":"BreadcrumbList","@id":"https:\/\/orient-kontor.com\/safran-geschmack-wonach-schmeckt-safran\/#breadcrumb","itemListElement":[{"@type":"ListItem","position":1,"name":"Startseite","item":"https:\/\/orient-kontor.com\/"},{"@type":"ListItem","position":2,"name":"Safran Geschmack: Wonach schmeckt Safran?"}]},{"@type":"WebSite","@id":"https:\/\/orient-kontor.com\/#website","url":"https:\/\/orient-kontor.com\/","name":"Orient Kontor","description":"","publisher":{"@id":"https:\/\/orient-kontor.com\/#organization"},"potentialAction":[{"@type":"SearchAction","target":{"@type":"EntryPoint","urlTemplate":"https:\/\/orient-kontor.com\/?s={search_term_string}"},"query-input":{"@type":"PropertyValueSpecification","valueRequired":true,"valueName":"search_term_string"}}],"inLanguage":"fr-FR"},{"@type":"Organization","@id":"https:\/\/orient-kontor.com\/#organization","name":"Orient Kontor","url":"https:\/\/orient-kontor.com\/","logo":{"@type":"ImageObject","inLanguage":"fr-FR","@id":"https:\/\/orient-kontor.com\/#\/schema\/logo\/image\/","url":"https:\/\/orient-kontor.com\/wp-content\/uploads\/2020\/08\/orient-kontor-logo.png","contentUrl":"https:\/\/orient-kontor.com\/wp-content\/uploads\/2020\/08\/orient-kontor-logo.png","width":800,"height":302,"caption":"Orient Kontor"},"image":{"@id":"https:\/\/orient-kontor.com\/#\/schema\/logo\/image\/"},"sameAs":["https:\/\/www.facebook.com\/orientkontor\/","https:\/\/www.instagram.com\/orient_kontor\/"]},{"@type":"Person","@id":"https:\/\/orient-kontor.com\/#\/schema\/person\/f606a8e410a46eebc912b447124a05b7","name":"Simon Grutschus","sameAs":["https:\/\/orient-kontor.com"]}]}},"_links":{"self":[{"href":"https:\/\/orient-kontor.com\/fr\/wp-json\/wp\/v2\/posts\/6507","targetHints":{"allow":["GET"]}}],"collection":[{"href":"https:\/\/orient-kontor.com\/fr\/wp-json\/wp\/v2\/posts"}],"about":[{"href":"https:\/\/orient-kontor.com\/fr\/wp-json\/wp\/v2\/types\/post"}],"author":[{"embeddable":true,"href":"https:\/\/orient-kontor.com\/fr\/wp-json\/wp\/v2\/users\/2"}],"replies":[{"embeddable":true,"href":"https:\/\/orient-kontor.com\/fr\/wp-json\/wp\/v2\/comments?post=6507"}],"version-history":[{"count":0,"href":"https:\/\/orient-kontor.com\/fr\/wp-json\/wp\/v2\/posts\/6507\/revisions"}],"wp:featuredmedia":[{"embeddable":true,"href":"https:\/\/orient-kontor.com\/fr\/wp-json\/wp\/v2\/media\/4788"}],"wp:attachment":[{"href":"https:\/\/orient-kontor.com\/fr\/wp-json\/wp\/v2\/media?parent=6507"}],"wp:term":[{"taxonomy":"category","embeddable":true,"href":"https:\/\/orient-kontor.com\/fr\/wp-json\/wp\/v2\/categories?post=6507"},{"taxonomy":"post_tag","embeddable":true,"href":"https:\/\/orient-kontor.com\/fr\/wp-json\/wp\/v2\/tags?post=6507"}],"curies":[{"name":"wp","href":"https:\/\/api.w.org\/{rel}","templated":true}]}}