{"id":6439,"date":"2024-10-11T10:00:00","date_gmt":"2024-10-11T08:00:00","guid":{"rendered":"https:\/\/orient-kontor.com\/?p=6439"},"modified":"2024-10-10T20:43:25","modified_gmt":"2024-10-10T18:43:25","slug":"heute-ist-tag-des-safrans","status":"publish","type":"post","link":"https:\/\/orient-kontor.com\/fr\/heute-ist-tag-des-safrans\/","title":{"rendered":"Heute ist Tag des Safrans!"},"content":{"rendered":"<p>Moin und Salam! \ud83d\ude4b\u200d\u2640\ufe0f\ud83c\udf89<br><br>Heute, am 11. Oktober 2024, feiern wir euch zum dritten Mal den internationalen Tag des Safrans!<\/p>\n\n\n\n<p>Auch dieses Jahr m\u00f6chten wir zu Beginn der Erntezeit das edelste aller Gew\u00fcrze mit euch feiern. Daher gibt es unseren Safran f\u00fcr eine Woche um <strong>11%<\/strong> reduziert. Viel Freude beim Kochen!<\/p>\n\n\n\n<p><br>Salutations de Yasmin \ud83d\ude4b\u200d\u2640\ufe0f<\/p>\n\n\n\n<p>und dem Orient Kontor Team \ud83d\ude4b\u200d\u2642\ufe0f\ud83d\ude4b\u200d\u2642\ufe0f\ud83d\ude4b\u200d\u2642\ufe0f<\/p>","protected":false},"excerpt":{"rendered":"<p>Moin und Salam! \ud83d\ude4b\u200d\u2640\ufe0f\ud83c\udf89 Heute, am 11. Oktober 2024, feiern wir euch zum dritten Mal den internationalen Tag des Safrans! Auch dieses Jahr m\u00f6chten wir zu Beginn der Erntezeit das edelste aller Gew\u00fcrze mit euch feiern. Daher gibt es unseren Safran f\u00fcr eine Woche um 11% reduziert. Viel Freude beim Kochen! Gr\u00fc\u00dfe von Yasmin \ud83d\ude4b\u200d\u2640\ufe0f [&hellip;]<\/p>\n","protected":false},"author":2,"featured_media":6440,"comment_status":"open","ping_status":"closed","sticky":false,"template":"","format":"standard","meta":{"footnotes":""},"categories":[84],"tags":[],"class_list":["post-6439","post","type-post","status-publish","format-standard","has-post-thumbnail","hentry","category-soziale-medien-2"],"yoast_head":"<!-- This site is optimized with the Yoast SEO plugin v27.4 - https:\/\/yoast.com\/product\/yoast-seo-wordpress\/ -->\n<title>Heute ist Tag des Safrans! - Orient Kontor<\/title>\n<meta name=\"robots\" content=\"index, follow, max-snippet:-1, max-image-preview:large, max-video-preview:-1\" \/>\n<link rel=\"canonical\" href=\"https:\/\/orient-kontor.com\/fr\/heute-ist-tag-des-safrans\/\" \/>\n<meta property=\"og:locale\" content=\"fr_FR\" \/>\n<meta property=\"og:type\" content=\"article\" \/>\n<meta property=\"og:title\" content=\"Heute ist Tag des Safrans! - Orient Kontor\" \/>\n<meta property=\"og:description\" content=\"Moin und Salam! \ud83d\ude4b\u200d\u2640\ufe0f\ud83c\udf89 Heute, am 11. Oktober 2024, feiern wir euch zum dritten Mal den internationalen Tag des Safrans! Auch dieses Jahr m\u00f6chten wir zu Beginn der Erntezeit das edelste aller Gew\u00fcrze mit euch feiern. Daher gibt es unseren Safran f\u00fcr eine Woche um 11% reduziert. Viel Freude beim Kochen! Gr\u00fc\u00dfe von Yasmin \ud83d\ude4b\u200d\u2640\ufe0f [&hellip;]\" \/>\n<meta property=\"og:url\" content=\"https:\/\/orient-kontor.com\/fr\/heute-ist-tag-des-safrans\/\" \/>\n<meta property=\"og:site_name\" content=\"Orient Kontor\" \/>\n<meta property=\"article:publisher\" content=\"https:\/\/www.facebook.com\/orientkontor\/\" \/>\n<meta property=\"article:published_time\" content=\"2024-10-11T08:00:00+00:00\" \/>\n<meta property=\"og:image\" content=\"https:\/\/orient-kontor.com\/wp-content\/uploads\/2024\/10\/tags2.jpg\" \/>\n\t<meta property=\"og:image:width\" content=\"1080\" \/>\n\t<meta property=\"og:image:height\" content=\"1080\" \/>\n\t<meta property=\"og:image:type\" content=\"image\/jpeg\" \/>\n<meta name=\"author\" content=\"Simon Grutschus\" \/>\n<meta name=\"twitter:card\" content=\"summary_large_image\" \/>\n<meta name=\"twitter:label1\" content=\"\u00c9crit par\" \/>\n\t<meta name=\"twitter:data1\" content=\"Simon Grutschus\" \/>\n<script type=\"application\/ld+json\" class=\"yoast-schema-graph\">{\"@context\":\"https:\\\/\\\/schema.org\",\"@graph\":[{\"@type\":\"Article\",\"@id\":\"https:\\\/\\\/orient-kontor.com\\\/heute-ist-tag-des-safrans\\\/#article\",\"isPartOf\":{\"@id\":\"https:\\\/\\\/orient-kontor.com\\\/heute-ist-tag-des-safrans\\\/\"},\"author\":{\"name\":\"Simon Grutschus\",\"@id\":\"https:\\\/\\\/orient-kontor.com\\\/#\\\/schema\\\/person\\\/f606a8e410a46eebc912b447124a05b7\"},\"headline\":\"Heute ist Tag des Safrans!\",\"datePublished\":\"2024-10-11T08:00:00+00:00\",\"mainEntityOfPage\":{\"@id\":\"https:\\\/\\\/orient-kontor.com\\\/heute-ist-tag-des-safrans\\\/\"},\"wordCount\":64,\"commentCount\":0,\"publisher\":{\"@id\":\"https:\\\/\\\/orient-kontor.com\\\/#organization\"},\"image\":{\"@id\":\"https:\\\/\\\/orient-kontor.com\\\/heute-ist-tag-des-safrans\\\/#primaryimage\"},\"thumbnailUrl\":\"https:\\\/\\\/orient-kontor.com\\\/wp-content\\\/uploads\\\/2024\\\/10\\\/tags2.avif\",\"articleSection\":[\"Soziale Medien 2\"],\"inLanguage\":\"fr-FR\",\"potentialAction\":[{\"@type\":\"CommentAction\",\"name\":\"Comment\",\"target\":[\"https:\\\/\\\/orient-kontor.com\\\/heute-ist-tag-des-safrans\\\/#respond\"]}]},{\"@type\":\"WebPage\",\"@id\":\"https:\\\/\\\/orient-kontor.com\\\/heute-ist-tag-des-safrans\\\/\",\"url\":\"https:\\\/\\\/orient-kontor.com\\\/heute-ist-tag-des-safrans\\\/\",\"name\":\"Heute ist Tag des Safrans! - Orient Kontor\",\"isPartOf\":{\"@id\":\"https:\\\/\\\/orient-kontor.com\\\/#website\"},\"primaryImageOfPage\":{\"@id\":\"https:\\\/\\\/orient-kontor.com\\\/heute-ist-tag-des-safrans\\\/#primaryimage\"},\"image\":{\"@id\":\"https:\\\/\\\/orient-kontor.com\\\/heute-ist-tag-des-safrans\\\/#primaryimage\"},\"thumbnailUrl\":\"https:\\\/\\\/orient-kontor.com\\\/wp-content\\\/uploads\\\/2024\\\/10\\\/tags2.avif\",\"datePublished\":\"2024-10-11T08:00:00+00:00\",\"breadcrumb\":{\"@id\":\"https:\\\/\\\/orient-kontor.com\\\/heute-ist-tag-des-safrans\\\/#breadcrumb\"},\"inLanguage\":\"fr-FR\",\"potentialAction\":[{\"@type\":\"ReadAction\",\"target\":[\"https:\\\/\\\/orient-kontor.com\\\/heute-ist-tag-des-safrans\\\/\"]}]},{\"@type\":\"ImageObject\",\"inLanguage\":\"fr-FR\",\"@id\":\"https:\\\/\\\/orient-kontor.com\\\/heute-ist-tag-des-safrans\\\/#primaryimage\",\"url\":\"https:\\\/\\\/orient-kontor.com\\\/wp-content\\\/uploads\\\/2024\\\/10\\\/tags2.avif\",\"contentUrl\":\"https:\\\/\\\/orient-kontor.com\\\/wp-content\\\/uploads\\\/2024\\\/10\\\/tags2.avif\",\"width\":1080,\"height\":1080},{\"@type\":\"BreadcrumbList\",\"@id\":\"https:\\\/\\\/orient-kontor.com\\\/heute-ist-tag-des-safrans\\\/#breadcrumb\",\"itemListElement\":[{\"@type\":\"ListItem\",\"position\":1,\"name\":\"Startseite\",\"item\":\"https:\\\/\\\/orient-kontor.com\\\/\"},{\"@type\":\"ListItem\",\"position\":2,\"name\":\"Heute ist Tag des Safrans!\"}]},{\"@type\":\"WebSite\",\"@id\":\"https:\\\/\\\/orient-kontor.com\\\/#website\",\"url\":\"https:\\\/\\\/orient-kontor.com\\\/\",\"name\":\"Orient Kontor\",\"description\":\"\",\"publisher\":{\"@id\":\"https:\\\/\\\/orient-kontor.com\\\/#organization\"},\"potentialAction\":[{\"@type\":\"SearchAction\",\"target\":{\"@type\":\"EntryPoint\",\"urlTemplate\":\"https:\\\/\\\/orient-kontor.com\\\/?s={search_term_string}\"},\"query-input\":{\"@type\":\"PropertyValueSpecification\",\"valueRequired\":true,\"valueName\":\"search_term_string\"}}],\"inLanguage\":\"fr-FR\"},{\"@type\":\"Organization\",\"@id\":\"https:\\\/\\\/orient-kontor.com\\\/#organization\",\"name\":\"Orient Kontor\",\"url\":\"https:\\\/\\\/orient-kontor.com\\\/\",\"logo\":{\"@type\":\"ImageObject\",\"inLanguage\":\"fr-FR\",\"@id\":\"https:\\\/\\\/orient-kontor.com\\\/#\\\/schema\\\/logo\\\/image\\\/\",\"url\":\"https:\\\/\\\/orient-kontor.com\\\/wp-content\\\/uploads\\\/2020\\\/08\\\/orient-kontor-logo.png\",\"contentUrl\":\"https:\\\/\\\/orient-kontor.com\\\/wp-content\\\/uploads\\\/2020\\\/08\\\/orient-kontor-logo.png\",\"width\":800,\"height\":302,\"caption\":\"Orient Kontor\"},\"image\":{\"@id\":\"https:\\\/\\\/orient-kontor.com\\\/#\\\/schema\\\/logo\\\/image\\\/\"},\"sameAs\":[\"https:\\\/\\\/www.facebook.com\\\/orientkontor\\\/\",\"https:\\\/\\\/www.instagram.com\\\/orient_kontor\\\/\"]},{\"@type\":\"Person\",\"@id\":\"https:\\\/\\\/orient-kontor.com\\\/#\\\/schema\\\/person\\\/f606a8e410a46eebc912b447124a05b7\",\"name\":\"Simon Grutschus\",\"sameAs\":[\"https:\\\/\\\/orient-kontor.com\"]}]}<\/script>\n<!-- \/ Yoast SEO plugin. -->","yoast_head_json":{"title":"Heute ist Tag des Safrans! - Orient Kontor","robots":{"index":"index","follow":"follow","max-snippet":"max-snippet:-1","max-image-preview":"max-image-preview:large","max-video-preview":"max-video-preview:-1"},"canonical":"https:\/\/orient-kontor.com\/fr\/heute-ist-tag-des-safrans\/","og_locale":"fr_FR","og_type":"article","og_title":"Heute ist Tag des Safrans! - Orient Kontor","og_description":"Moin und Salam! \ud83d\ude4b\u200d\u2640\ufe0f\ud83c\udf89 Heute, am 11. Oktober 2024, feiern wir euch zum dritten Mal den internationalen Tag des Safrans! Auch dieses Jahr m\u00f6chten wir zu Beginn der Erntezeit das edelste aller Gew\u00fcrze mit euch feiern. Daher gibt es unseren Safran f\u00fcr eine Woche um 11% reduziert. Viel Freude beim Kochen! Gr\u00fc\u00dfe von Yasmin \ud83d\ude4b\u200d\u2640\ufe0f [&hellip;]","og_url":"https:\/\/orient-kontor.com\/fr\/heute-ist-tag-des-safrans\/","og_site_name":"Orient Kontor","article_publisher":"https:\/\/www.facebook.com\/orientkontor\/","article_published_time":"2024-10-11T08:00:00+00:00","og_image":[{"width":1080,"height":1080,"url":"https:\/\/orient-kontor.com\/wp-content\/uploads\/2024\/10\/tags2.jpg","type":"image\/jpeg"}],"author":"Simon Grutschus","twitter_card":"summary_large_image","twitter_misc":{"\u00c9crit par":"Simon Grutschus"},"schema":{"@context":"https:\/\/schema.org","@graph":[{"@type":"Article","@id":"https:\/\/orient-kontor.com\/heute-ist-tag-des-safrans\/#article","isPartOf":{"@id":"https:\/\/orient-kontor.com\/heute-ist-tag-des-safrans\/"},"author":{"name":"Simon Grutschus","@id":"https:\/\/orient-kontor.com\/#\/schema\/person\/f606a8e410a46eebc912b447124a05b7"},"headline":"Heute ist Tag des Safrans!","datePublished":"2024-10-11T08:00:00+00:00","mainEntityOfPage":{"@id":"https:\/\/orient-kontor.com\/heute-ist-tag-des-safrans\/"},"wordCount":64,"commentCount":0,"publisher":{"@id":"https:\/\/orient-kontor.com\/#organization"},"image":{"@id":"https:\/\/orient-kontor.com\/heute-ist-tag-des-safrans\/#primaryimage"},"thumbnailUrl":"https:\/\/orient-kontor.com\/wp-content\/uploads\/2024\/10\/tags2.avif","articleSection":["Soziale Medien 2"],"inLanguage":"fr-FR","potentialAction":[{"@type":"CommentAction","name":"Comment","target":["https:\/\/orient-kontor.com\/heute-ist-tag-des-safrans\/#respond"]}]},{"@type":"WebPage","@id":"https:\/\/orient-kontor.com\/heute-ist-tag-des-safrans\/","url":"https:\/\/orient-kontor.com\/heute-ist-tag-des-safrans\/","name":"Heute ist Tag des Safrans! - Orient Kontor","isPartOf":{"@id":"https:\/\/orient-kontor.com\/#website"},"primaryImageOfPage":{"@id":"https:\/\/orient-kontor.com\/heute-ist-tag-des-safrans\/#primaryimage"},"image":{"@id":"https:\/\/orient-kontor.com\/heute-ist-tag-des-safrans\/#primaryimage"},"thumbnailUrl":"https:\/\/orient-kontor.com\/wp-content\/uploads\/2024\/10\/tags2.avif","datePublished":"2024-10-11T08:00:00+00:00","breadcrumb":{"@id":"https:\/\/orient-kontor.com\/heute-ist-tag-des-safrans\/#breadcrumb"},"inLanguage":"fr-FR","potentialAction":[{"@type":"ReadAction","target":["https:\/\/orient-kontor.com\/heute-ist-tag-des-safrans\/"]}]},{"@type":"ImageObject","inLanguage":"fr-FR","@id":"https:\/\/orient-kontor.com\/heute-ist-tag-des-safrans\/#primaryimage","url":"https:\/\/orient-kontor.com\/wp-content\/uploads\/2024\/10\/tags2.avif","contentUrl":"https:\/\/orient-kontor.com\/wp-content\/uploads\/2024\/10\/tags2.avif","width":1080,"height":1080},{"@type":"BreadcrumbList","@id":"https:\/\/orient-kontor.com\/heute-ist-tag-des-safrans\/#breadcrumb","itemListElement":[{"@type":"ListItem","position":1,"name":"Startseite","item":"https:\/\/orient-kontor.com\/"},{"@type":"ListItem","position":2,"name":"Heute ist Tag des Safrans!"}]},{"@type":"WebSite","@id":"https:\/\/orient-kontor.com\/#website","url":"https:\/\/orient-kontor.com\/","name":"Orient Kontor","description":"","publisher":{"@id":"https:\/\/orient-kontor.com\/#organization"},"potentialAction":[{"@type":"SearchAction","target":{"@type":"EntryPoint","urlTemplate":"https:\/\/orient-kontor.com\/?s={search_term_string}"},"query-input":{"@type":"PropertyValueSpecification","valueRequired":true,"valueName":"search_term_string"}}],"inLanguage":"fr-FR"},{"@type":"Organization","@id":"https:\/\/orient-kontor.com\/#organization","name":"Orient Kontor","url":"https:\/\/orient-kontor.com\/","logo":{"@type":"ImageObject","inLanguage":"fr-FR","@id":"https:\/\/orient-kontor.com\/#\/schema\/logo\/image\/","url":"https:\/\/orient-kontor.com\/wp-content\/uploads\/2020\/08\/orient-kontor-logo.png","contentUrl":"https:\/\/orient-kontor.com\/wp-content\/uploads\/2020\/08\/orient-kontor-logo.png","width":800,"height":302,"caption":"Orient Kontor"},"image":{"@id":"https:\/\/orient-kontor.com\/#\/schema\/logo\/image\/"},"sameAs":["https:\/\/www.facebook.com\/orientkontor\/","https:\/\/www.instagram.com\/orient_kontor\/"]},{"@type":"Person","@id":"https:\/\/orient-kontor.com\/#\/schema\/person\/f606a8e410a46eebc912b447124a05b7","name":"Simon Grutschus","sameAs":["https:\/\/orient-kontor.com"]}]}},"_links":{"self":[{"href":"https:\/\/orient-kontor.com\/fr\/wp-json\/wp\/v2\/posts\/6439","targetHints":{"allow":["GET"]}}],"collection":[{"href":"https:\/\/orient-kontor.com\/fr\/wp-json\/wp\/v2\/posts"}],"about":[{"href":"https:\/\/orient-kontor.com\/fr\/wp-json\/wp\/v2\/types\/post"}],"author":[{"embeddable":true,"href":"https:\/\/orient-kontor.com\/fr\/wp-json\/wp\/v2\/users\/2"}],"replies":[{"embeddable":true,"href":"https:\/\/orient-kontor.com\/fr\/wp-json\/wp\/v2\/comments?post=6439"}],"version-history":[{"count":0,"href":"https:\/\/orient-kontor.com\/fr\/wp-json\/wp\/v2\/posts\/6439\/revisions"}],"wp:featuredmedia":[{"embeddable":true,"href":"https:\/\/orient-kontor.com\/fr\/wp-json\/wp\/v2\/media\/6440"}],"wp:attachment":[{"href":"https:\/\/orient-kontor.com\/fr\/wp-json\/wp\/v2\/media?parent=6439"}],"wp:term":[{"taxonomy":"category","embeddable":true,"href":"https:\/\/orient-kontor.com\/fr\/wp-json\/wp\/v2\/categories?post=6439"},{"taxonomy":"post_tag","embeddable":true,"href":"https:\/\/orient-kontor.com\/fr\/wp-json\/wp\/v2\/tags?post=6439"}],"curies":[{"name":"wp","href":"https:\/\/api.w.org\/{rel}","templated":true}]}}