{"id":6433,"date":"2024-10-10T20:39:24","date_gmt":"2024-10-10T18:39:24","guid":{"rendered":"https:\/\/orient-kontor.com\/?p=6433"},"modified":"2024-10-10T20:39:26","modified_gmt":"2024-10-10T18:39:26","slug":"es-ist-safran-pflanzzeit","status":"publish","type":"post","link":"https:\/\/orient-kontor.com\/fr\/es-ist-safran-pflanzzeit\/","title":{"rendered":"Es ist Safran-Pflanzzeit!"},"content":{"rendered":"<p>Moin und Salam! \ud83d\ude4b\u200d\u2640\ufe0f<\/p>\n\n\n\n<p>Wusstet ihr, dass unser Premiumsafran aus einem Herbstkrokus (<em>crocus sativus<\/em>) gewonnen wird?<\/p>\n\n\n\n<p>Damit es im Herbst reiche Ernte gibt, werden zwischen Juli und September die Safranknollen gepflanzt. Die Knollen brauchen warme Temperaturen, damit sich im Oktober und November gute Bl\u00fcten entwickeln.<\/p>\n\n\n\n<p>Auch in unseren Breiten k\u00f6nnt ihr versuchen Safran selbst zu kultivieren. Dabei solltet ihr mit der Pflanzung bis zum August warten und m\u00f6glichst einen Standort suchen, der auch im Winter viel Sonne abbekommt.<\/p>\n\n\n\n<p>Ihr m\u00f6chtet sofort in den Genuss von edlem Safran kommen? Dann schaut in unserem Shop vorbei:<\/p>\n\n\n\n<p><a href=\"https:\/\/orient-kontor.com\/fr\/shop\/\">https:\/\/orient-kontor.com\/shop<\/a><\/p>\n\n\n\n<p>Salutations de Yasmin \ud83d\ude4b\u200d\u2640\ufe0f<\/p>\n\n\n\n<p>Und dem Orient Kontor Team \ud83d\ude4b\u200d\u2642\ufe0f\ud83d\ude4b\u200d\u2642\ufe0f\ud83d\ude4b\u200d\u2642\ufe0f<\/p>","protected":false},"excerpt":{"rendered":"<p>Moin und Salam! \ud83d\ude4b\u200d\u2640\ufe0f Wusstet ihr, dass unser Premiumsafran aus einem Herbstkrokus (crocus sativus) gewonnen wird? Damit es im Herbst reiche Ernte gibt, werden zwischen Juli und September die Safranknollen gepflanzt. Die Knollen brauchen warme Temperaturen, damit sich im Oktober und November gute Bl\u00fcten entwickeln. Auch in unseren Breiten k\u00f6nnt ihr versuchen Safran selbst zu [&hellip;]<\/p>\n","protected":false},"author":2,"featured_media":6434,"comment_status":"open","ping_status":"closed","sticky":false,"template":"","format":"standard","meta":{"footnotes":""},"categories":[84],"tags":[],"class_list":["post-6433","post","type-post","status-publish","format-standard","has-post-thumbnail","hentry","category-soziale-medien-2"],"yoast_head":"<!-- This site is optimized with the Yoast SEO plugin v27.4 - https:\/\/yoast.com\/product\/yoast-seo-wordpress\/ -->\n<title>Es ist Safran-Pflanzzeit! - Orient Kontor<\/title>\n<meta name=\"robots\" content=\"index, follow, max-snippet:-1, max-image-preview:large, max-video-preview:-1\" \/>\n<link rel=\"canonical\" href=\"https:\/\/orient-kontor.com\/fr\/es-ist-safran-pflanzzeit\/\" \/>\n<meta property=\"og:locale\" content=\"fr_FR\" \/>\n<meta property=\"og:type\" content=\"article\" \/>\n<meta property=\"og:title\" content=\"Es ist Safran-Pflanzzeit! - Orient Kontor\" \/>\n<meta property=\"og:description\" content=\"Moin und Salam! \ud83d\ude4b\u200d\u2640\ufe0f Wusstet ihr, dass unser Premiumsafran aus einem Herbstkrokus (crocus sativus) gewonnen wird? Damit es im Herbst reiche Ernte gibt, werden zwischen Juli und September die Safranknollen gepflanzt. Die Knollen brauchen warme Temperaturen, damit sich im Oktober und November gute Bl\u00fcten entwickeln. Auch in unseren Breiten k\u00f6nnt ihr versuchen Safran selbst zu [&hellip;]\" \/>\n<meta property=\"og:url\" content=\"https:\/\/orient-kontor.com\/fr\/es-ist-safran-pflanzzeit\/\" \/>\n<meta property=\"og:site_name\" content=\"Orient Kontor\" \/>\n<meta property=\"article:publisher\" content=\"https:\/\/www.facebook.com\/orientkontor\/\" \/>\n<meta property=\"article:published_time\" content=\"2024-10-10T18:39:24+00:00\" \/>\n<meta property=\"article:modified_time\" content=\"2024-10-10T18:39:26+00:00\" \/>\n<meta property=\"og:image\" content=\"https:\/\/orient-kontor.com\/wp-content\/uploads\/2024\/10\/pflanzen.jpg\" \/>\n\t<meta property=\"og:image:width\" content=\"1080\" \/>\n\t<meta property=\"og:image:height\" content=\"1080\" \/>\n\t<meta property=\"og:image:type\" content=\"image\/jpeg\" \/>\n<meta name=\"author\" content=\"Simon Grutschus\" \/>\n<meta name=\"twitter:card\" content=\"summary_large_image\" \/>\n<meta name=\"twitter:label1\" content=\"\u00c9crit par\" \/>\n\t<meta name=\"twitter:data1\" content=\"Simon Grutschus\" \/>\n\t<meta name=\"twitter:label2\" content=\"Dur\u00e9e de lecture estim\u00e9e\" \/>\n\t<meta name=\"twitter:data2\" content=\"1 minute\" \/>\n<script type=\"application\/ld+json\" class=\"yoast-schema-graph\">{\"@context\":\"https:\\\/\\\/schema.org\",\"@graph\":[{\"@type\":\"Article\",\"@id\":\"https:\\\/\\\/orient-kontor.com\\\/es-ist-safran-pflanzzeit\\\/#article\",\"isPartOf\":{\"@id\":\"https:\\\/\\\/orient-kontor.com\\\/es-ist-safran-pflanzzeit\\\/\"},\"author\":{\"name\":\"Simon Grutschus\",\"@id\":\"https:\\\/\\\/orient-kontor.com\\\/#\\\/schema\\\/person\\\/f606a8e410a46eebc912b447124a05b7\"},\"headline\":\"Es ist Safran-Pflanzzeit!\",\"datePublished\":\"2024-10-10T18:39:24+00:00\",\"dateModified\":\"2024-10-10T18:39:26+00:00\",\"mainEntityOfPage\":{\"@id\":\"https:\\\/\\\/orient-kontor.com\\\/es-ist-safran-pflanzzeit\\\/\"},\"wordCount\":113,\"commentCount\":0,\"publisher\":{\"@id\":\"https:\\\/\\\/orient-kontor.com\\\/#organization\"},\"image\":{\"@id\":\"https:\\\/\\\/orient-kontor.com\\\/es-ist-safran-pflanzzeit\\\/#primaryimage\"},\"thumbnailUrl\":\"https:\\\/\\\/orient-kontor.com\\\/wp-content\\\/uploads\\\/2024\\\/10\\\/pflanzen.avif\",\"articleSection\":[\"Soziale Medien 2\"],\"inLanguage\":\"fr-FR\",\"potentialAction\":[{\"@type\":\"CommentAction\",\"name\":\"Comment\",\"target\":[\"https:\\\/\\\/orient-kontor.com\\\/es-ist-safran-pflanzzeit\\\/#respond\"]}]},{\"@type\":\"WebPage\",\"@id\":\"https:\\\/\\\/orient-kontor.com\\\/es-ist-safran-pflanzzeit\\\/\",\"url\":\"https:\\\/\\\/orient-kontor.com\\\/es-ist-safran-pflanzzeit\\\/\",\"name\":\"Es ist Safran-Pflanzzeit! - Orient Kontor\",\"isPartOf\":{\"@id\":\"https:\\\/\\\/orient-kontor.com\\\/#website\"},\"primaryImageOfPage\":{\"@id\":\"https:\\\/\\\/orient-kontor.com\\\/es-ist-safran-pflanzzeit\\\/#primaryimage\"},\"image\":{\"@id\":\"https:\\\/\\\/orient-kontor.com\\\/es-ist-safran-pflanzzeit\\\/#primaryimage\"},\"thumbnailUrl\":\"https:\\\/\\\/orient-kontor.com\\\/wp-content\\\/uploads\\\/2024\\\/10\\\/pflanzen.avif\",\"datePublished\":\"2024-10-10T18:39:24+00:00\",\"dateModified\":\"2024-10-10T18:39:26+00:00\",\"breadcrumb\":{\"@id\":\"https:\\\/\\\/orient-kontor.com\\\/es-ist-safran-pflanzzeit\\\/#breadcrumb\"},\"inLanguage\":\"fr-FR\",\"potentialAction\":[{\"@type\":\"ReadAction\",\"target\":[\"https:\\\/\\\/orient-kontor.com\\\/es-ist-safran-pflanzzeit\\\/\"]}]},{\"@type\":\"ImageObject\",\"inLanguage\":\"fr-FR\",\"@id\":\"https:\\\/\\\/orient-kontor.com\\\/es-ist-safran-pflanzzeit\\\/#primaryimage\",\"url\":\"https:\\\/\\\/orient-kontor.com\\\/wp-content\\\/uploads\\\/2024\\\/10\\\/pflanzen.avif\",\"contentUrl\":\"https:\\\/\\\/orient-kontor.com\\\/wp-content\\\/uploads\\\/2024\\\/10\\\/pflanzen.avif\",\"width\":1080,\"height\":1080},{\"@type\":\"BreadcrumbList\",\"@id\":\"https:\\\/\\\/orient-kontor.com\\\/es-ist-safran-pflanzzeit\\\/#breadcrumb\",\"itemListElement\":[{\"@type\":\"ListItem\",\"position\":1,\"name\":\"Startseite\",\"item\":\"https:\\\/\\\/orient-kontor.com\\\/\"},{\"@type\":\"ListItem\",\"position\":2,\"name\":\"Es ist Safran-Pflanzzeit!\"}]},{\"@type\":\"WebSite\",\"@id\":\"https:\\\/\\\/orient-kontor.com\\\/#website\",\"url\":\"https:\\\/\\\/orient-kontor.com\\\/\",\"name\":\"Orient Kontor\",\"description\":\"\",\"publisher\":{\"@id\":\"https:\\\/\\\/orient-kontor.com\\\/#organization\"},\"potentialAction\":[{\"@type\":\"SearchAction\",\"target\":{\"@type\":\"EntryPoint\",\"urlTemplate\":\"https:\\\/\\\/orient-kontor.com\\\/?s={search_term_string}\"},\"query-input\":{\"@type\":\"PropertyValueSpecification\",\"valueRequired\":true,\"valueName\":\"search_term_string\"}}],\"inLanguage\":\"fr-FR\"},{\"@type\":\"Organization\",\"@id\":\"https:\\\/\\\/orient-kontor.com\\\/#organization\",\"name\":\"Orient Kontor\",\"url\":\"https:\\\/\\\/orient-kontor.com\\\/\",\"logo\":{\"@type\":\"ImageObject\",\"inLanguage\":\"fr-FR\",\"@id\":\"https:\\\/\\\/orient-kontor.com\\\/#\\\/schema\\\/logo\\\/image\\\/\",\"url\":\"https:\\\/\\\/orient-kontor.com\\\/wp-content\\\/uploads\\\/2020\\\/08\\\/orient-kontor-logo.png\",\"contentUrl\":\"https:\\\/\\\/orient-kontor.com\\\/wp-content\\\/uploads\\\/2020\\\/08\\\/orient-kontor-logo.png\",\"width\":800,\"height\":302,\"caption\":\"Orient Kontor\"},\"image\":{\"@id\":\"https:\\\/\\\/orient-kontor.com\\\/#\\\/schema\\\/logo\\\/image\\\/\"},\"sameAs\":[\"https:\\\/\\\/www.facebook.com\\\/orientkontor\\\/\",\"https:\\\/\\\/www.instagram.com\\\/orient_kontor\\\/\"]},{\"@type\":\"Person\",\"@id\":\"https:\\\/\\\/orient-kontor.com\\\/#\\\/schema\\\/person\\\/f606a8e410a46eebc912b447124a05b7\",\"name\":\"Simon Grutschus\",\"sameAs\":[\"https:\\\/\\\/orient-kontor.com\"]}]}<\/script>\n<!-- \/ Yoast SEO plugin. -->","yoast_head_json":{"title":"Es ist Safran-Pflanzzeit! - Orient Kontor","robots":{"index":"index","follow":"follow","max-snippet":"max-snippet:-1","max-image-preview":"max-image-preview:large","max-video-preview":"max-video-preview:-1"},"canonical":"https:\/\/orient-kontor.com\/fr\/es-ist-safran-pflanzzeit\/","og_locale":"fr_FR","og_type":"article","og_title":"Es ist Safran-Pflanzzeit! - Orient Kontor","og_description":"Moin und Salam! \ud83d\ude4b\u200d\u2640\ufe0f Wusstet ihr, dass unser Premiumsafran aus einem Herbstkrokus (crocus sativus) gewonnen wird? Damit es im Herbst reiche Ernte gibt, werden zwischen Juli und September die Safranknollen gepflanzt. Die Knollen brauchen warme Temperaturen, damit sich im Oktober und November gute Bl\u00fcten entwickeln. Auch in unseren Breiten k\u00f6nnt ihr versuchen Safran selbst zu [&hellip;]","og_url":"https:\/\/orient-kontor.com\/fr\/es-ist-safran-pflanzzeit\/","og_site_name":"Orient Kontor","article_publisher":"https:\/\/www.facebook.com\/orientkontor\/","article_published_time":"2024-10-10T18:39:24+00:00","article_modified_time":"2024-10-10T18:39:26+00:00","og_image":[{"width":1080,"height":1080,"url":"https:\/\/orient-kontor.com\/wp-content\/uploads\/2024\/10\/pflanzen.jpg","type":"image\/jpeg"}],"author":"Simon Grutschus","twitter_card":"summary_large_image","twitter_misc":{"\u00c9crit par":"Simon Grutschus","Dur\u00e9e de lecture estim\u00e9e":"1 minute"},"schema":{"@context":"https:\/\/schema.org","@graph":[{"@type":"Article","@id":"https:\/\/orient-kontor.com\/es-ist-safran-pflanzzeit\/#article","isPartOf":{"@id":"https:\/\/orient-kontor.com\/es-ist-safran-pflanzzeit\/"},"author":{"name":"Simon Grutschus","@id":"https:\/\/orient-kontor.com\/#\/schema\/person\/f606a8e410a46eebc912b447124a05b7"},"headline":"Es ist Safran-Pflanzzeit!","datePublished":"2024-10-10T18:39:24+00:00","dateModified":"2024-10-10T18:39:26+00:00","mainEntityOfPage":{"@id":"https:\/\/orient-kontor.com\/es-ist-safran-pflanzzeit\/"},"wordCount":113,"commentCount":0,"publisher":{"@id":"https:\/\/orient-kontor.com\/#organization"},"image":{"@id":"https:\/\/orient-kontor.com\/es-ist-safran-pflanzzeit\/#primaryimage"},"thumbnailUrl":"https:\/\/orient-kontor.com\/wp-content\/uploads\/2024\/10\/pflanzen.avif","articleSection":["Soziale Medien 2"],"inLanguage":"fr-FR","potentialAction":[{"@type":"CommentAction","name":"Comment","target":["https:\/\/orient-kontor.com\/es-ist-safran-pflanzzeit\/#respond"]}]},{"@type":"WebPage","@id":"https:\/\/orient-kontor.com\/es-ist-safran-pflanzzeit\/","url":"https:\/\/orient-kontor.com\/es-ist-safran-pflanzzeit\/","name":"Es ist Safran-Pflanzzeit! - Orient Kontor","isPartOf":{"@id":"https:\/\/orient-kontor.com\/#website"},"primaryImageOfPage":{"@id":"https:\/\/orient-kontor.com\/es-ist-safran-pflanzzeit\/#primaryimage"},"image":{"@id":"https:\/\/orient-kontor.com\/es-ist-safran-pflanzzeit\/#primaryimage"},"thumbnailUrl":"https:\/\/orient-kontor.com\/wp-content\/uploads\/2024\/10\/pflanzen.avif","datePublished":"2024-10-10T18:39:24+00:00","dateModified":"2024-10-10T18:39:26+00:00","breadcrumb":{"@id":"https:\/\/orient-kontor.com\/es-ist-safran-pflanzzeit\/#breadcrumb"},"inLanguage":"fr-FR","potentialAction":[{"@type":"ReadAction","target":["https:\/\/orient-kontor.com\/es-ist-safran-pflanzzeit\/"]}]},{"@type":"ImageObject","inLanguage":"fr-FR","@id":"https:\/\/orient-kontor.com\/es-ist-safran-pflanzzeit\/#primaryimage","url":"https:\/\/orient-kontor.com\/wp-content\/uploads\/2024\/10\/pflanzen.avif","contentUrl":"https:\/\/orient-kontor.com\/wp-content\/uploads\/2024\/10\/pflanzen.avif","width":1080,"height":1080},{"@type":"BreadcrumbList","@id":"https:\/\/orient-kontor.com\/es-ist-safran-pflanzzeit\/#breadcrumb","itemListElement":[{"@type":"ListItem","position":1,"name":"Startseite","item":"https:\/\/orient-kontor.com\/"},{"@type":"ListItem","position":2,"name":"Es ist Safran-Pflanzzeit!"}]},{"@type":"WebSite","@id":"https:\/\/orient-kontor.com\/#website","url":"https:\/\/orient-kontor.com\/","name":"Orient Kontor","description":"","publisher":{"@id":"https:\/\/orient-kontor.com\/#organization"},"potentialAction":[{"@type":"SearchAction","target":{"@type":"EntryPoint","urlTemplate":"https:\/\/orient-kontor.com\/?s={search_term_string}"},"query-input":{"@type":"PropertyValueSpecification","valueRequired":true,"valueName":"search_term_string"}}],"inLanguage":"fr-FR"},{"@type":"Organization","@id":"https:\/\/orient-kontor.com\/#organization","name":"Orient Kontor","url":"https:\/\/orient-kontor.com\/","logo":{"@type":"ImageObject","inLanguage":"fr-FR","@id":"https:\/\/orient-kontor.com\/#\/schema\/logo\/image\/","url":"https:\/\/orient-kontor.com\/wp-content\/uploads\/2020\/08\/orient-kontor-logo.png","contentUrl":"https:\/\/orient-kontor.com\/wp-content\/uploads\/2020\/08\/orient-kontor-logo.png","width":800,"height":302,"caption":"Orient Kontor"},"image":{"@id":"https:\/\/orient-kontor.com\/#\/schema\/logo\/image\/"},"sameAs":["https:\/\/www.facebook.com\/orientkontor\/","https:\/\/www.instagram.com\/orient_kontor\/"]},{"@type":"Person","@id":"https:\/\/orient-kontor.com\/#\/schema\/person\/f606a8e410a46eebc912b447124a05b7","name":"Simon Grutschus","sameAs":["https:\/\/orient-kontor.com"]}]}},"_links":{"self":[{"href":"https:\/\/orient-kontor.com\/fr\/wp-json\/wp\/v2\/posts\/6433","targetHints":{"allow":["GET"]}}],"collection":[{"href":"https:\/\/orient-kontor.com\/fr\/wp-json\/wp\/v2\/posts"}],"about":[{"href":"https:\/\/orient-kontor.com\/fr\/wp-json\/wp\/v2\/types\/post"}],"author":[{"embeddable":true,"href":"https:\/\/orient-kontor.com\/fr\/wp-json\/wp\/v2\/users\/2"}],"replies":[{"embeddable":true,"href":"https:\/\/orient-kontor.com\/fr\/wp-json\/wp\/v2\/comments?post=6433"}],"version-history":[{"count":0,"href":"https:\/\/orient-kontor.com\/fr\/wp-json\/wp\/v2\/posts\/6433\/revisions"}],"wp:featuredmedia":[{"embeddable":true,"href":"https:\/\/orient-kontor.com\/fr\/wp-json\/wp\/v2\/media\/6434"}],"wp:attachment":[{"href":"https:\/\/orient-kontor.com\/fr\/wp-json\/wp\/v2\/media?parent=6433"}],"wp:term":[{"taxonomy":"category","embeddable":true,"href":"https:\/\/orient-kontor.com\/fr\/wp-json\/wp\/v2\/categories?post=6433"},{"taxonomy":"post_tag","embeddable":true,"href":"https:\/\/orient-kontor.com\/fr\/wp-json\/wp\/v2\/tags?post=6433"}],"curies":[{"name":"wp","href":"https:\/\/api.w.org\/{rel}","templated":true}]}}