{"id":6314,"date":"2024-09-18T21:26:28","date_gmt":"2024-09-18T19:26:28","guid":{"rendered":"https:\/\/orient-kontor.com\/?p=6314"},"modified":"2024-09-18T21:27:44","modified_gmt":"2024-09-18T19:27:44","slug":"galileo-safran-pro7","status":"publish","type":"post","link":"https:\/\/orient-kontor.com\/fr\/galileo-safran-pro7\/","title":{"rendered":"Galileo: Pro7 Bericht \u00fcber Safran und die Safranernte"},"content":{"rendered":"<p>Safran geh\u00f6rt zu den teuersten Gew\u00fcrzen der Welt, und sein hoher Preis ist kein Zufall. Er resultiert vor allem aus dem extrem arbeitsintensiven Ernteprozess, der nach wie vor in reiner Handarbeit erfolgt. Jede einzelne Safranbl\u00fcte muss per Hand gepfl\u00fcckt werden, und nur die feinen, roten F\u00e4den im Inneren, die sogenannten Narben, werden weiterverarbeitet. Es braucht Tausende von Bl\u00fcten, um nur wenige Gramm des kostbaren Gew\u00fcrzes zu gewinnen.<\/p>\n\n\n\n<p>Doch was steckt hinter dem aufwendigen Anbau von Safran? Wie w\u00e4chst die Pflanze, und welche Bedingungen sind notwendig, damit sie gedeihen kann? Diese Fragen versucht \u201eGalileo\u201c-Reporter Mario zu beantworten. Er begibt sich auf eine spannende Entdeckungsreise in die Welt des Safrananbaus, besucht Bauern und Plantagen und zeigt, wie viel Liebe und Hingabe in jede Ernte flie\u00dfen. Dabei erf\u00e4hrt er, welche Herausforderungen die Safranbauern meistern m\u00fcssen, um dieses \u201erote Gold\u201c zu kultivieren, und warum Safran nicht nur ein Gew\u00fcrz, sondern ein echtes Kulturgut ist.<br><br>Den Beitrag gibt es hier zu sehen: <a href=\"https:\/\/www.prosieben.de\/serien\/galileo\/videos\/x-days-safran-reporter-mario-bei-der-ernte-eines-der-teuersten-gewuerze-der-welt-v_zvcpwycwt8l7\" target=\"_blank\" rel=\"noreferrer noopener\">prosieben.de<\/a><\/p>","protected":false},"excerpt":{"rendered":"<p>Safran geh\u00f6rt zu den teuersten Gew\u00fcrzen der Welt, und sein hoher Preis ist kein Zufall. Er resultiert vor allem aus dem extrem arbeitsintensiven Ernteprozess, der nach wie vor in reiner Handarbeit erfolgt. Jede einzelne Safranbl\u00fcte muss per Hand gepfl\u00fcckt werden, und nur die feinen, roten F\u00e4den im Inneren, die sogenannten Narben, werden weiterverarbeitet. Es braucht [&hellip;]<\/p>\n","protected":false},"author":2,"featured_media":6316,"comment_status":"closed","ping_status":"closed","sticky":false,"template":"","format":"standard","meta":{"footnotes":""},"categories":[84],"tags":[],"class_list":["post-6314","post","type-post","status-publish","format-standard","has-post-thumbnail","hentry","category-soziale-medien-2"],"yoast_head":"<!-- This site is optimized with the Yoast SEO plugin v27.4 - https:\/\/yoast.com\/product\/yoast-seo-wordpress\/ -->\n<title>Galileo: Pro7 Bericht \u00fcber Safran und die Safranernte - Orient Kontor<\/title>\n<meta name=\"robots\" content=\"index, follow, max-snippet:-1, max-image-preview:large, max-video-preview:-1\" \/>\n<link rel=\"canonical\" href=\"https:\/\/orient-kontor.com\/fr\/galileo-safran-pro7\/\" \/>\n<meta property=\"og:locale\" content=\"fr_FR\" \/>\n<meta property=\"og:type\" content=\"article\" \/>\n<meta property=\"og:title\" content=\"Galileo: Pro7 Bericht \u00fcber Safran und die Safranernte - Orient Kontor\" \/>\n<meta property=\"og:description\" content=\"Safran geh\u00f6rt zu den teuersten Gew\u00fcrzen der Welt, und sein hoher Preis ist kein Zufall. Er resultiert vor allem aus dem extrem arbeitsintensiven Ernteprozess, der nach wie vor in reiner Handarbeit erfolgt. Jede einzelne Safranbl\u00fcte muss per Hand gepfl\u00fcckt werden, und nur die feinen, roten F\u00e4den im Inneren, die sogenannten Narben, werden weiterverarbeitet. Es braucht [&hellip;]\" \/>\n<meta property=\"og:url\" content=\"https:\/\/orient-kontor.com\/fr\/galileo-safran-pro7\/\" \/>\n<meta property=\"og:site_name\" content=\"Orient Kontor\" \/>\n<meta property=\"article:publisher\" content=\"https:\/\/www.facebook.com\/orientkontor\/\" \/>\n<meta property=\"article:published_time\" content=\"2024-09-18T19:26:28+00:00\" \/>\n<meta property=\"article:modified_time\" content=\"2024-09-18T19:27:44+00:00\" \/>\n<meta property=\"og:image\" content=\"https:\/\/orient-kontor.com\/wp-content\/uploads\/2024\/09\/galileo-safran.png\" \/>\n\t<meta property=\"og:image:width\" content=\"1019\" \/>\n\t<meta property=\"og:image:height\" content=\"575\" \/>\n\t<meta property=\"og:image:type\" content=\"image\/png\" \/>\n<meta name=\"author\" content=\"Simon Grutschus\" \/>\n<meta name=\"twitter:card\" content=\"summary_large_image\" \/>\n<meta name=\"twitter:label1\" content=\"\u00c9crit par\" \/>\n\t<meta name=\"twitter:data1\" content=\"Simon Grutschus\" \/>\n\t<meta name=\"twitter:label2\" content=\"Dur\u00e9e de lecture estim\u00e9e\" \/>\n\t<meta name=\"twitter:data2\" content=\"1 minute\" \/>\n<script type=\"application\/ld+json\" class=\"yoast-schema-graph\">{\"@context\":\"https:\\\/\\\/schema.org\",\"@graph\":[{\"@type\":\"Article\",\"@id\":\"https:\\\/\\\/orient-kontor.com\\\/galileo-safran-pro7\\\/#article\",\"isPartOf\":{\"@id\":\"https:\\\/\\\/orient-kontor.com\\\/galileo-safran-pro7\\\/\"},\"author\":{\"name\":\"Simon Grutschus\",\"@id\":\"https:\\\/\\\/orient-kontor.com\\\/#\\\/schema\\\/person\\\/f606a8e410a46eebc912b447124a05b7\"},\"headline\":\"Galileo: Pro7 Bericht \u00fcber Safran und die Safranernte\",\"datePublished\":\"2024-09-18T19:26:28+00:00\",\"dateModified\":\"2024-09-18T19:27:44+00:00\",\"mainEntityOfPage\":{\"@id\":\"https:\\\/\\\/orient-kontor.com\\\/galileo-safran-pro7\\\/\"},\"wordCount\":180,\"publisher\":{\"@id\":\"https:\\\/\\\/orient-kontor.com\\\/#organization\"},\"image\":{\"@id\":\"https:\\\/\\\/orient-kontor.com\\\/galileo-safran-pro7\\\/#primaryimage\"},\"thumbnailUrl\":\"https:\\\/\\\/orient-kontor.com\\\/wp-content\\\/uploads\\\/2024\\\/09\\\/galileo-safran.avif\",\"articleSection\":[\"Soziale Medien 2\"],\"inLanguage\":\"fr-FR\"},{\"@type\":\"WebPage\",\"@id\":\"https:\\\/\\\/orient-kontor.com\\\/galileo-safran-pro7\\\/\",\"url\":\"https:\\\/\\\/orient-kontor.com\\\/galileo-safran-pro7\\\/\",\"name\":\"Galileo: Pro7 Bericht \u00fcber Safran und die Safranernte - Orient Kontor\",\"isPartOf\":{\"@id\":\"https:\\\/\\\/orient-kontor.com\\\/#website\"},\"primaryImageOfPage\":{\"@id\":\"https:\\\/\\\/orient-kontor.com\\\/galileo-safran-pro7\\\/#primaryimage\"},\"image\":{\"@id\":\"https:\\\/\\\/orient-kontor.com\\\/galileo-safran-pro7\\\/#primaryimage\"},\"thumbnailUrl\":\"https:\\\/\\\/orient-kontor.com\\\/wp-content\\\/uploads\\\/2024\\\/09\\\/galileo-safran.avif\",\"datePublished\":\"2024-09-18T19:26:28+00:00\",\"dateModified\":\"2024-09-18T19:27:44+00:00\",\"breadcrumb\":{\"@id\":\"https:\\\/\\\/orient-kontor.com\\\/galileo-safran-pro7\\\/#breadcrumb\"},\"inLanguage\":\"fr-FR\",\"potentialAction\":[{\"@type\":\"ReadAction\",\"target\":[\"https:\\\/\\\/orient-kontor.com\\\/galileo-safran-pro7\\\/\"]}]},{\"@type\":\"ImageObject\",\"inLanguage\":\"fr-FR\",\"@id\":\"https:\\\/\\\/orient-kontor.com\\\/galileo-safran-pro7\\\/#primaryimage\",\"url\":\"https:\\\/\\\/orient-kontor.com\\\/wp-content\\\/uploads\\\/2024\\\/09\\\/galileo-safran.avif\",\"contentUrl\":\"https:\\\/\\\/orient-kontor.com\\\/wp-content\\\/uploads\\\/2024\\\/09\\\/galileo-safran.avif\",\"width\":1019,\"height\":575},{\"@type\":\"BreadcrumbList\",\"@id\":\"https:\\\/\\\/orient-kontor.com\\\/galileo-safran-pro7\\\/#breadcrumb\",\"itemListElement\":[{\"@type\":\"ListItem\",\"position\":1,\"name\":\"Startseite\",\"item\":\"https:\\\/\\\/orient-kontor.com\\\/\"},{\"@type\":\"ListItem\",\"position\":2,\"name\":\"Galileo: Pro7 Bericht \u00fcber Safran und die Safranernte\"}]},{\"@type\":\"WebSite\",\"@id\":\"https:\\\/\\\/orient-kontor.com\\\/#website\",\"url\":\"https:\\\/\\\/orient-kontor.com\\\/\",\"name\":\"Orient Kontor\",\"description\":\"\",\"publisher\":{\"@id\":\"https:\\\/\\\/orient-kontor.com\\\/#organization\"},\"potentialAction\":[{\"@type\":\"SearchAction\",\"target\":{\"@type\":\"EntryPoint\",\"urlTemplate\":\"https:\\\/\\\/orient-kontor.com\\\/?s={search_term_string}\"},\"query-input\":{\"@type\":\"PropertyValueSpecification\",\"valueRequired\":true,\"valueName\":\"search_term_string\"}}],\"inLanguage\":\"fr-FR\"},{\"@type\":\"Organization\",\"@id\":\"https:\\\/\\\/orient-kontor.com\\\/#organization\",\"name\":\"Orient Kontor\",\"url\":\"https:\\\/\\\/orient-kontor.com\\\/\",\"logo\":{\"@type\":\"ImageObject\",\"inLanguage\":\"fr-FR\",\"@id\":\"https:\\\/\\\/orient-kontor.com\\\/#\\\/schema\\\/logo\\\/image\\\/\",\"url\":\"https:\\\/\\\/orient-kontor.com\\\/wp-content\\\/uploads\\\/2020\\\/08\\\/orient-kontor-logo.png\",\"contentUrl\":\"https:\\\/\\\/orient-kontor.com\\\/wp-content\\\/uploads\\\/2020\\\/08\\\/orient-kontor-logo.png\",\"width\":800,\"height\":302,\"caption\":\"Orient Kontor\"},\"image\":{\"@id\":\"https:\\\/\\\/orient-kontor.com\\\/#\\\/schema\\\/logo\\\/image\\\/\"},\"sameAs\":[\"https:\\\/\\\/www.facebook.com\\\/orientkontor\\\/\",\"https:\\\/\\\/www.instagram.com\\\/orient_kontor\\\/\"]},{\"@type\":\"Person\",\"@id\":\"https:\\\/\\\/orient-kontor.com\\\/#\\\/schema\\\/person\\\/f606a8e410a46eebc912b447124a05b7\",\"name\":\"Simon Grutschus\",\"sameAs\":[\"https:\\\/\\\/orient-kontor.com\"]}]}<\/script>\n<!-- \/ Yoast SEO plugin. -->","yoast_head_json":{"title":"Galileo: Pro7 Bericht \u00fcber Safran und die Safranernte - Orient Kontor","robots":{"index":"index","follow":"follow","max-snippet":"max-snippet:-1","max-image-preview":"max-image-preview:large","max-video-preview":"max-video-preview:-1"},"canonical":"https:\/\/orient-kontor.com\/fr\/galileo-safran-pro7\/","og_locale":"fr_FR","og_type":"article","og_title":"Galileo: Pro7 Bericht \u00fcber Safran und die Safranernte - Orient Kontor","og_description":"Safran geh\u00f6rt zu den teuersten Gew\u00fcrzen der Welt, und sein hoher Preis ist kein Zufall. Er resultiert vor allem aus dem extrem arbeitsintensiven Ernteprozess, der nach wie vor in reiner Handarbeit erfolgt. Jede einzelne Safranbl\u00fcte muss per Hand gepfl\u00fcckt werden, und nur die feinen, roten F\u00e4den im Inneren, die sogenannten Narben, werden weiterverarbeitet. Es braucht [&hellip;]","og_url":"https:\/\/orient-kontor.com\/fr\/galileo-safran-pro7\/","og_site_name":"Orient Kontor","article_publisher":"https:\/\/www.facebook.com\/orientkontor\/","article_published_time":"2024-09-18T19:26:28+00:00","article_modified_time":"2024-09-18T19:27:44+00:00","og_image":[{"width":1019,"height":575,"url":"https:\/\/orient-kontor.com\/wp-content\/uploads\/2024\/09\/galileo-safran.png","type":"image\/png"}],"author":"Simon Grutschus","twitter_card":"summary_large_image","twitter_misc":{"\u00c9crit par":"Simon Grutschus","Dur\u00e9e de lecture estim\u00e9e":"1 minute"},"schema":{"@context":"https:\/\/schema.org","@graph":[{"@type":"Article","@id":"https:\/\/orient-kontor.com\/galileo-safran-pro7\/#article","isPartOf":{"@id":"https:\/\/orient-kontor.com\/galileo-safran-pro7\/"},"author":{"name":"Simon Grutschus","@id":"https:\/\/orient-kontor.com\/#\/schema\/person\/f606a8e410a46eebc912b447124a05b7"},"headline":"Galileo: Pro7 Bericht \u00fcber Safran und die Safranernte","datePublished":"2024-09-18T19:26:28+00:00","dateModified":"2024-09-18T19:27:44+00:00","mainEntityOfPage":{"@id":"https:\/\/orient-kontor.com\/galileo-safran-pro7\/"},"wordCount":180,"publisher":{"@id":"https:\/\/orient-kontor.com\/#organization"},"image":{"@id":"https:\/\/orient-kontor.com\/galileo-safran-pro7\/#primaryimage"},"thumbnailUrl":"https:\/\/orient-kontor.com\/wp-content\/uploads\/2024\/09\/galileo-safran.avif","articleSection":["Soziale Medien 2"],"inLanguage":"fr-FR"},{"@type":"WebPage","@id":"https:\/\/orient-kontor.com\/galileo-safran-pro7\/","url":"https:\/\/orient-kontor.com\/galileo-safran-pro7\/","name":"Galileo: Pro7 Bericht \u00fcber Safran und die Safranernte - Orient Kontor","isPartOf":{"@id":"https:\/\/orient-kontor.com\/#website"},"primaryImageOfPage":{"@id":"https:\/\/orient-kontor.com\/galileo-safran-pro7\/#primaryimage"},"image":{"@id":"https:\/\/orient-kontor.com\/galileo-safran-pro7\/#primaryimage"},"thumbnailUrl":"https:\/\/orient-kontor.com\/wp-content\/uploads\/2024\/09\/galileo-safran.avif","datePublished":"2024-09-18T19:26:28+00:00","dateModified":"2024-09-18T19:27:44+00:00","breadcrumb":{"@id":"https:\/\/orient-kontor.com\/galileo-safran-pro7\/#breadcrumb"},"inLanguage":"fr-FR","potentialAction":[{"@type":"ReadAction","target":["https:\/\/orient-kontor.com\/galileo-safran-pro7\/"]}]},{"@type":"ImageObject","inLanguage":"fr-FR","@id":"https:\/\/orient-kontor.com\/galileo-safran-pro7\/#primaryimage","url":"https:\/\/orient-kontor.com\/wp-content\/uploads\/2024\/09\/galileo-safran.avif","contentUrl":"https:\/\/orient-kontor.com\/wp-content\/uploads\/2024\/09\/galileo-safran.avif","width":1019,"height":575},{"@type":"BreadcrumbList","@id":"https:\/\/orient-kontor.com\/galileo-safran-pro7\/#breadcrumb","itemListElement":[{"@type":"ListItem","position":1,"name":"Startseite","item":"https:\/\/orient-kontor.com\/"},{"@type":"ListItem","position":2,"name":"Galileo: Pro7 Bericht \u00fcber Safran und die Safranernte"}]},{"@type":"WebSite","@id":"https:\/\/orient-kontor.com\/#website","url":"https:\/\/orient-kontor.com\/","name":"Orient Kontor","description":"","publisher":{"@id":"https:\/\/orient-kontor.com\/#organization"},"potentialAction":[{"@type":"SearchAction","target":{"@type":"EntryPoint","urlTemplate":"https:\/\/orient-kontor.com\/?s={search_term_string}"},"query-input":{"@type":"PropertyValueSpecification","valueRequired":true,"valueName":"search_term_string"}}],"inLanguage":"fr-FR"},{"@type":"Organization","@id":"https:\/\/orient-kontor.com\/#organization","name":"Orient Kontor","url":"https:\/\/orient-kontor.com\/","logo":{"@type":"ImageObject","inLanguage":"fr-FR","@id":"https:\/\/orient-kontor.com\/#\/schema\/logo\/image\/","url":"https:\/\/orient-kontor.com\/wp-content\/uploads\/2020\/08\/orient-kontor-logo.png","contentUrl":"https:\/\/orient-kontor.com\/wp-content\/uploads\/2020\/08\/orient-kontor-logo.png","width":800,"height":302,"caption":"Orient Kontor"},"image":{"@id":"https:\/\/orient-kontor.com\/#\/schema\/logo\/image\/"},"sameAs":["https:\/\/www.facebook.com\/orientkontor\/","https:\/\/www.instagram.com\/orient_kontor\/"]},{"@type":"Person","@id":"https:\/\/orient-kontor.com\/#\/schema\/person\/f606a8e410a46eebc912b447124a05b7","name":"Simon Grutschus","sameAs":["https:\/\/orient-kontor.com"]}]}},"_links":{"self":[{"href":"https:\/\/orient-kontor.com\/fr\/wp-json\/wp\/v2\/posts\/6314","targetHints":{"allow":["GET"]}}],"collection":[{"href":"https:\/\/orient-kontor.com\/fr\/wp-json\/wp\/v2\/posts"}],"about":[{"href":"https:\/\/orient-kontor.com\/fr\/wp-json\/wp\/v2\/types\/post"}],"author":[{"embeddable":true,"href":"https:\/\/orient-kontor.com\/fr\/wp-json\/wp\/v2\/users\/2"}],"replies":[{"embeddable":true,"href":"https:\/\/orient-kontor.com\/fr\/wp-json\/wp\/v2\/comments?post=6314"}],"version-history":[{"count":0,"href":"https:\/\/orient-kontor.com\/fr\/wp-json\/wp\/v2\/posts\/6314\/revisions"}],"wp:featuredmedia":[{"embeddable":true,"href":"https:\/\/orient-kontor.com\/fr\/wp-json\/wp\/v2\/media\/6316"}],"wp:attachment":[{"href":"https:\/\/orient-kontor.com\/fr\/wp-json\/wp\/v2\/media?parent=6314"}],"wp:term":[{"taxonomy":"category","embeddable":true,"href":"https:\/\/orient-kontor.com\/fr\/wp-json\/wp\/v2\/categories?post=6314"},{"taxonomy":"post_tag","embeddable":true,"href":"https:\/\/orient-kontor.com\/fr\/wp-json\/wp\/v2\/tags?post=6314"}],"curies":[{"name":"wp","href":"https:\/\/api.w.org\/{rel}","templated":true}]}}