{"id":5732,"date":"2024-01-18T16:10:36","date_gmt":"2024-01-18T15:10:36","guid":{"rendered":"https:\/\/orient-kontor.com\/?p=5732"},"modified":"2024-01-18T16:16:23","modified_gmt":"2024-01-18T15:16:23","slug":"was-mit-safran-kochen","status":"publish","type":"post","link":"https:\/\/orient-kontor.com\/fr\/was-mit-safran-kochen\/","title":{"rendered":"Was mit Safran kochen?"},"content":{"rendered":"<p>Butter, Tee, Sahneso\u00dfe, Eis, Paella, Milchreis, Kuchen, Fisch, Risotto, Gin, Bouillabaisse, H\u00e4hnchen, Limonade&#8230;<br><br>Moin und Salam! \ud83d\ude4b\u200d\u2640\ufe0f<br>Eine der h\u00e4ufigsten Fragen, die uns gestellt werden, ist die nach den Verwendungsm\u00f6glichkeiten von Safran. Das edle Gew\u00fcrz z\u00e4hlt in unseren Kulturkreisen nicht zum Standardgew\u00fcrzrepertoire.<br><br>Wir liefern euch heute ein paar Ideen, vielleicht bekommt ihr ja Lust davon etwas auszuprobieren!<br><br>Habt ihr noch weitere Vorschl\u00e4ge?<br><a href=\"https:\/\/orient-kontor.com\/fr\/safran-rezepte\/\">Hier geht\u00b4s zu unserer umfangreichen Rezeptesammlung<\/a><br><br>Salutations de Yasmin \ud83d\ude4b\u200d\u2640\ufe0f<br>und dem Orient Kontor Team \ud83d\ude4b\u200d\u2642\ufe0f\ud83d\ude4b\u200d\u2642\ufe0f\ud83d\ude4b\u200d\u2642\ufe0f<\/p>","protected":false},"excerpt":{"rendered":"<p>Butter, Tee, Sahneso\u00dfe, Eis, Paella, Milchreis, Kuchen, Fisch, Risotto, Gin, Bouillabaisse, H\u00e4hnchen, Limonade&#8230; Moin und Salam! \ud83d\ude4b\u200d\u2640\ufe0fEine der h\u00e4ufigsten Fragen, die uns gestellt werden, ist die nach den Verwendungsm\u00f6glichkeiten von Safran. Das edle Gew\u00fcrz z\u00e4hlt in unseren Kulturkreisen nicht zum Standardgew\u00fcrzrepertoire. Wir liefern euch heute ein paar Ideen, vielleicht bekommt ihr ja Lust davon etwas [&hellip;]<\/p>\n","protected":false},"author":2,"featured_media":5733,"comment_status":"open","ping_status":"closed","sticky":false,"template":"","format":"standard","meta":{"footnotes":""},"categories":[84],"tags":[],"class_list":["post-5732","post","type-post","status-publish","format-standard","has-post-thumbnail","hentry","category-soziale-medien-2"],"yoast_head":"<!-- This site is optimized with the Yoast SEO plugin v27.4 - https:\/\/yoast.com\/product\/yoast-seo-wordpress\/ -->\n<title>Was mit Safran kochen? - Orient Kontor<\/title>\n<meta name=\"robots\" content=\"index, follow, max-snippet:-1, max-image-preview:large, max-video-preview:-1\" \/>\n<link rel=\"canonical\" href=\"https:\/\/orient-kontor.com\/fr\/was-mit-safran-kochen\/\" \/>\n<meta property=\"og:locale\" content=\"fr_FR\" \/>\n<meta property=\"og:type\" content=\"article\" \/>\n<meta property=\"og:title\" content=\"Was mit Safran kochen? - Orient Kontor\" \/>\n<meta property=\"og:description\" content=\"Butter, Tee, Sahneso\u00dfe, Eis, Paella, Milchreis, Kuchen, Fisch, Risotto, Gin, Bouillabaisse, H\u00e4hnchen, Limonade&#8230; Moin und Salam! \ud83d\ude4b\u200d\u2640\ufe0fEine der h\u00e4ufigsten Fragen, die uns gestellt werden, ist die nach den Verwendungsm\u00f6glichkeiten von Safran. Das edle Gew\u00fcrz z\u00e4hlt in unseren Kulturkreisen nicht zum Standardgew\u00fcrzrepertoire. Wir liefern euch heute ein paar Ideen, vielleicht bekommt ihr ja Lust davon etwas [&hellip;]\" \/>\n<meta property=\"og:url\" content=\"https:\/\/orient-kontor.com\/fr\/was-mit-safran-kochen\/\" \/>\n<meta property=\"og:site_name\" content=\"Orient Kontor\" \/>\n<meta property=\"article:publisher\" content=\"https:\/\/www.facebook.com\/orientkontor\/\" \/>\n<meta property=\"article:published_time\" content=\"2024-01-18T15:10:36+00:00\" \/>\n<meta property=\"article:modified_time\" content=\"2024-01-18T15:16:23+00:00\" \/>\n<meta property=\"og:image\" content=\"https:\/\/orient-kontor.com\/wp-content\/uploads\/2024\/01\/was_mit_safran_kochen.png\" \/>\n\t<meta property=\"og:image:width\" content=\"811\" \/>\n\t<meta property=\"og:image:height\" content=\"807\" \/>\n\t<meta property=\"og:image:type\" content=\"image\/png\" \/>\n<meta name=\"author\" content=\"Simon Grutschus\" \/>\n<meta name=\"twitter:card\" content=\"summary_large_image\" \/>\n<meta name=\"twitter:label1\" content=\"\u00c9crit par\" \/>\n\t<meta name=\"twitter:data1\" content=\"Simon Grutschus\" \/>\n<script type=\"application\/ld+json\" class=\"yoast-schema-graph\">{\"@context\":\"https:\\\/\\\/schema.org\",\"@graph\":[{\"@type\":\"Article\",\"@id\":\"https:\\\/\\\/orient-kontor.com\\\/was-mit-safran-kochen\\\/#article\",\"isPartOf\":{\"@id\":\"https:\\\/\\\/orient-kontor.com\\\/was-mit-safran-kochen\\\/\"},\"author\":{\"name\":\"Simon Grutschus\",\"@id\":\"https:\\\/\\\/orient-kontor.com\\\/#\\\/schema\\\/person\\\/f606a8e410a46eebc912b447124a05b7\"},\"headline\":\"Was mit Safran kochen?\",\"datePublished\":\"2024-01-18T15:10:36+00:00\",\"dateModified\":\"2024-01-18T15:16:23+00:00\",\"mainEntityOfPage\":{\"@id\":\"https:\\\/\\\/orient-kontor.com\\\/was-mit-safran-kochen\\\/\"},\"wordCount\":89,\"commentCount\":0,\"publisher\":{\"@id\":\"https:\\\/\\\/orient-kontor.com\\\/#organization\"},\"image\":{\"@id\":\"https:\\\/\\\/orient-kontor.com\\\/was-mit-safran-kochen\\\/#primaryimage\"},\"thumbnailUrl\":\"https:\\\/\\\/orient-kontor.com\\\/wp-content\\\/uploads\\\/2024\\\/01\\\/was_mit_safran_kochen.avif\",\"articleSection\":[\"Soziale Medien 2\"],\"inLanguage\":\"fr-FR\",\"potentialAction\":[{\"@type\":\"CommentAction\",\"name\":\"Comment\",\"target\":[\"https:\\\/\\\/orient-kontor.com\\\/was-mit-safran-kochen\\\/#respond\"]}]},{\"@type\":\"WebPage\",\"@id\":\"https:\\\/\\\/orient-kontor.com\\\/was-mit-safran-kochen\\\/\",\"url\":\"https:\\\/\\\/orient-kontor.com\\\/was-mit-safran-kochen\\\/\",\"name\":\"Was mit Safran kochen? - Orient Kontor\",\"isPartOf\":{\"@id\":\"https:\\\/\\\/orient-kontor.com\\\/#website\"},\"primaryImageOfPage\":{\"@id\":\"https:\\\/\\\/orient-kontor.com\\\/was-mit-safran-kochen\\\/#primaryimage\"},\"image\":{\"@id\":\"https:\\\/\\\/orient-kontor.com\\\/was-mit-safran-kochen\\\/#primaryimage\"},\"thumbnailUrl\":\"https:\\\/\\\/orient-kontor.com\\\/wp-content\\\/uploads\\\/2024\\\/01\\\/was_mit_safran_kochen.avif\",\"datePublished\":\"2024-01-18T15:10:36+00:00\",\"dateModified\":\"2024-01-18T15:16:23+00:00\",\"breadcrumb\":{\"@id\":\"https:\\\/\\\/orient-kontor.com\\\/was-mit-safran-kochen\\\/#breadcrumb\"},\"inLanguage\":\"fr-FR\",\"potentialAction\":[{\"@type\":\"ReadAction\",\"target\":[\"https:\\\/\\\/orient-kontor.com\\\/was-mit-safran-kochen\\\/\"]}]},{\"@type\":\"ImageObject\",\"inLanguage\":\"fr-FR\",\"@id\":\"https:\\\/\\\/orient-kontor.com\\\/was-mit-safran-kochen\\\/#primaryimage\",\"url\":\"https:\\\/\\\/orient-kontor.com\\\/wp-content\\\/uploads\\\/2024\\\/01\\\/was_mit_safran_kochen.avif\",\"contentUrl\":\"https:\\\/\\\/orient-kontor.com\\\/wp-content\\\/uploads\\\/2024\\\/01\\\/was_mit_safran_kochen.avif\",\"width\":811,\"height\":807},{\"@type\":\"BreadcrumbList\",\"@id\":\"https:\\\/\\\/orient-kontor.com\\\/was-mit-safran-kochen\\\/#breadcrumb\",\"itemListElement\":[{\"@type\":\"ListItem\",\"position\":1,\"name\":\"Startseite\",\"item\":\"https:\\\/\\\/orient-kontor.com\\\/\"},{\"@type\":\"ListItem\",\"position\":2,\"name\":\"Was mit Safran kochen?\"}]},{\"@type\":\"WebSite\",\"@id\":\"https:\\\/\\\/orient-kontor.com\\\/#website\",\"url\":\"https:\\\/\\\/orient-kontor.com\\\/\",\"name\":\"Orient Kontor\",\"description\":\"\",\"publisher\":{\"@id\":\"https:\\\/\\\/orient-kontor.com\\\/#organization\"},\"potentialAction\":[{\"@type\":\"SearchAction\",\"target\":{\"@type\":\"EntryPoint\",\"urlTemplate\":\"https:\\\/\\\/orient-kontor.com\\\/?s={search_term_string}\"},\"query-input\":{\"@type\":\"PropertyValueSpecification\",\"valueRequired\":true,\"valueName\":\"search_term_string\"}}],\"inLanguage\":\"fr-FR\"},{\"@type\":\"Organization\",\"@id\":\"https:\\\/\\\/orient-kontor.com\\\/#organization\",\"name\":\"Orient Kontor\",\"url\":\"https:\\\/\\\/orient-kontor.com\\\/\",\"logo\":{\"@type\":\"ImageObject\",\"inLanguage\":\"fr-FR\",\"@id\":\"https:\\\/\\\/orient-kontor.com\\\/#\\\/schema\\\/logo\\\/image\\\/\",\"url\":\"https:\\\/\\\/orient-kontor.com\\\/wp-content\\\/uploads\\\/2020\\\/08\\\/orient-kontor-logo.png\",\"contentUrl\":\"https:\\\/\\\/orient-kontor.com\\\/wp-content\\\/uploads\\\/2020\\\/08\\\/orient-kontor-logo.png\",\"width\":800,\"height\":302,\"caption\":\"Orient Kontor\"},\"image\":{\"@id\":\"https:\\\/\\\/orient-kontor.com\\\/#\\\/schema\\\/logo\\\/image\\\/\"},\"sameAs\":[\"https:\\\/\\\/www.facebook.com\\\/orientkontor\\\/\",\"https:\\\/\\\/www.instagram.com\\\/orient_kontor\\\/\"]},{\"@type\":\"Person\",\"@id\":\"https:\\\/\\\/orient-kontor.com\\\/#\\\/schema\\\/person\\\/f606a8e410a46eebc912b447124a05b7\",\"name\":\"Simon Grutschus\",\"sameAs\":[\"https:\\\/\\\/orient-kontor.com\"]}]}<\/script>\n<!-- \/ Yoast SEO plugin. -->","yoast_head_json":{"title":"Was mit Safran kochen? - Orient Kontor","robots":{"index":"index","follow":"follow","max-snippet":"max-snippet:-1","max-image-preview":"max-image-preview:large","max-video-preview":"max-video-preview:-1"},"canonical":"https:\/\/orient-kontor.com\/fr\/was-mit-safran-kochen\/","og_locale":"fr_FR","og_type":"article","og_title":"Was mit Safran kochen? - Orient Kontor","og_description":"Butter, Tee, Sahneso\u00dfe, Eis, Paella, Milchreis, Kuchen, Fisch, Risotto, Gin, Bouillabaisse, H\u00e4hnchen, Limonade&#8230; Moin und Salam! \ud83d\ude4b\u200d\u2640\ufe0fEine der h\u00e4ufigsten Fragen, die uns gestellt werden, ist die nach den Verwendungsm\u00f6glichkeiten von Safran. Das edle Gew\u00fcrz z\u00e4hlt in unseren Kulturkreisen nicht zum Standardgew\u00fcrzrepertoire. Wir liefern euch heute ein paar Ideen, vielleicht bekommt ihr ja Lust davon etwas [&hellip;]","og_url":"https:\/\/orient-kontor.com\/fr\/was-mit-safran-kochen\/","og_site_name":"Orient Kontor","article_publisher":"https:\/\/www.facebook.com\/orientkontor\/","article_published_time":"2024-01-18T15:10:36+00:00","article_modified_time":"2024-01-18T15:16:23+00:00","og_image":[{"width":811,"height":807,"url":"https:\/\/orient-kontor.com\/wp-content\/uploads\/2024\/01\/was_mit_safran_kochen.png","type":"image\/png"}],"author":"Simon Grutschus","twitter_card":"summary_large_image","twitter_misc":{"\u00c9crit par":"Simon Grutschus"},"schema":{"@context":"https:\/\/schema.org","@graph":[{"@type":"Article","@id":"https:\/\/orient-kontor.com\/was-mit-safran-kochen\/#article","isPartOf":{"@id":"https:\/\/orient-kontor.com\/was-mit-safran-kochen\/"},"author":{"name":"Simon Grutschus","@id":"https:\/\/orient-kontor.com\/#\/schema\/person\/f606a8e410a46eebc912b447124a05b7"},"headline":"Was mit Safran kochen?","datePublished":"2024-01-18T15:10:36+00:00","dateModified":"2024-01-18T15:16:23+00:00","mainEntityOfPage":{"@id":"https:\/\/orient-kontor.com\/was-mit-safran-kochen\/"},"wordCount":89,"commentCount":0,"publisher":{"@id":"https:\/\/orient-kontor.com\/#organization"},"image":{"@id":"https:\/\/orient-kontor.com\/was-mit-safran-kochen\/#primaryimage"},"thumbnailUrl":"https:\/\/orient-kontor.com\/wp-content\/uploads\/2024\/01\/was_mit_safran_kochen.avif","articleSection":["Soziale Medien 2"],"inLanguage":"fr-FR","potentialAction":[{"@type":"CommentAction","name":"Comment","target":["https:\/\/orient-kontor.com\/was-mit-safran-kochen\/#respond"]}]},{"@type":"WebPage","@id":"https:\/\/orient-kontor.com\/was-mit-safran-kochen\/","url":"https:\/\/orient-kontor.com\/was-mit-safran-kochen\/","name":"Was mit Safran kochen? - Orient Kontor","isPartOf":{"@id":"https:\/\/orient-kontor.com\/#website"},"primaryImageOfPage":{"@id":"https:\/\/orient-kontor.com\/was-mit-safran-kochen\/#primaryimage"},"image":{"@id":"https:\/\/orient-kontor.com\/was-mit-safran-kochen\/#primaryimage"},"thumbnailUrl":"https:\/\/orient-kontor.com\/wp-content\/uploads\/2024\/01\/was_mit_safran_kochen.avif","datePublished":"2024-01-18T15:10:36+00:00","dateModified":"2024-01-18T15:16:23+00:00","breadcrumb":{"@id":"https:\/\/orient-kontor.com\/was-mit-safran-kochen\/#breadcrumb"},"inLanguage":"fr-FR","potentialAction":[{"@type":"ReadAction","target":["https:\/\/orient-kontor.com\/was-mit-safran-kochen\/"]}]},{"@type":"ImageObject","inLanguage":"fr-FR","@id":"https:\/\/orient-kontor.com\/was-mit-safran-kochen\/#primaryimage","url":"https:\/\/orient-kontor.com\/wp-content\/uploads\/2024\/01\/was_mit_safran_kochen.avif","contentUrl":"https:\/\/orient-kontor.com\/wp-content\/uploads\/2024\/01\/was_mit_safran_kochen.avif","width":811,"height":807},{"@type":"BreadcrumbList","@id":"https:\/\/orient-kontor.com\/was-mit-safran-kochen\/#breadcrumb","itemListElement":[{"@type":"ListItem","position":1,"name":"Startseite","item":"https:\/\/orient-kontor.com\/"},{"@type":"ListItem","position":2,"name":"Was mit Safran kochen?"}]},{"@type":"WebSite","@id":"https:\/\/orient-kontor.com\/#website","url":"https:\/\/orient-kontor.com\/","name":"Orient Kontor","description":"","publisher":{"@id":"https:\/\/orient-kontor.com\/#organization"},"potentialAction":[{"@type":"SearchAction","target":{"@type":"EntryPoint","urlTemplate":"https:\/\/orient-kontor.com\/?s={search_term_string}"},"query-input":{"@type":"PropertyValueSpecification","valueRequired":true,"valueName":"search_term_string"}}],"inLanguage":"fr-FR"},{"@type":"Organization","@id":"https:\/\/orient-kontor.com\/#organization","name":"Orient Kontor","url":"https:\/\/orient-kontor.com\/","logo":{"@type":"ImageObject","inLanguage":"fr-FR","@id":"https:\/\/orient-kontor.com\/#\/schema\/logo\/image\/","url":"https:\/\/orient-kontor.com\/wp-content\/uploads\/2020\/08\/orient-kontor-logo.png","contentUrl":"https:\/\/orient-kontor.com\/wp-content\/uploads\/2020\/08\/orient-kontor-logo.png","width":800,"height":302,"caption":"Orient Kontor"},"image":{"@id":"https:\/\/orient-kontor.com\/#\/schema\/logo\/image\/"},"sameAs":["https:\/\/www.facebook.com\/orientkontor\/","https:\/\/www.instagram.com\/orient_kontor\/"]},{"@type":"Person","@id":"https:\/\/orient-kontor.com\/#\/schema\/person\/f606a8e410a46eebc912b447124a05b7","name":"Simon Grutschus","sameAs":["https:\/\/orient-kontor.com"]}]}},"_links":{"self":[{"href":"https:\/\/orient-kontor.com\/fr\/wp-json\/wp\/v2\/posts\/5732","targetHints":{"allow":["GET"]}}],"collection":[{"href":"https:\/\/orient-kontor.com\/fr\/wp-json\/wp\/v2\/posts"}],"about":[{"href":"https:\/\/orient-kontor.com\/fr\/wp-json\/wp\/v2\/types\/post"}],"author":[{"embeddable":true,"href":"https:\/\/orient-kontor.com\/fr\/wp-json\/wp\/v2\/users\/2"}],"replies":[{"embeddable":true,"href":"https:\/\/orient-kontor.com\/fr\/wp-json\/wp\/v2\/comments?post=5732"}],"version-history":[{"count":0,"href":"https:\/\/orient-kontor.com\/fr\/wp-json\/wp\/v2\/posts\/5732\/revisions"}],"wp:featuredmedia":[{"embeddable":true,"href":"https:\/\/orient-kontor.com\/fr\/wp-json\/wp\/v2\/media\/5733"}],"wp:attachment":[{"href":"https:\/\/orient-kontor.com\/fr\/wp-json\/wp\/v2\/media?parent=5732"}],"wp:term":[{"taxonomy":"category","embeddable":true,"href":"https:\/\/orient-kontor.com\/fr\/wp-json\/wp\/v2\/categories?post=5732"},{"taxonomy":"post_tag","embeddable":true,"href":"https:\/\/orient-kontor.com\/fr\/wp-json\/wp\/v2\/tags?post=5732"}],"curies":[{"name":"wp","href":"https:\/\/api.w.org\/{rel}","templated":true}]}}