{"id":5341,"date":"2023-05-16T19:06:08","date_gmt":"2023-05-16T17:06:08","guid":{"rendered":"https:\/\/orient-kontor.com\/?p=5341"},"modified":"2023-05-16T19:06:09","modified_gmt":"2023-05-16T17:06:09","slug":"die-rosenblueten-aus-unserem-tee-sind-nicht-nur-huebsch","status":"publish","type":"post","link":"https:\/\/orient-kontor.com\/fr\/die-rosenblueten-aus-unserem-tee-sind-nicht-nur-huebsch\/","title":{"rendered":"Die Rosenbl\u00fcten aus unserem Tee sind nicht nur h\u00fcbsch!"},"content":{"rendered":"<p>Moin und Salam! \ud83d\ude4b\u200d\u2640\ufe0f\ud83d\udc9c<br><br>Wusstet ihr, dass Rosenbl\u00fcten sowohl in der Kosmetik als auch in der Naturheilkunde gerne eingesetzt werden?<br><br>Bei uns verfeinern die getrockneten Bl\u00fcten den Schwarztee und verleihen dem Ganzen so durch \u00e4therische \u00d6le ein blumig-duftendes Aroma.<br>Aber in den h\u00fcbschen Bl\u00fcten steckt noch mehr: Sie sollen unter anderem krampfl\u00f6send und schmerzlindernd sein, weshalb sie ein gutes Mittel bei Menstruationsbeschwerden sind. Aber auch eine stimmungsaufhellende und angstl\u00f6sende Wirkung sowie entz\u00fcndungshemmende Eigenschaften werden den Rosenbl\u00fcten zugeschrieben. H\u00e4ttet ihr das gedacht?<br><br><a href=\"https:\/\/orient-kontor.com\/fr\/shop\/schwarzer-tee-mit-rosenblueten\/\">Hier findet ihr unseren Schwarztee mit Rosenbl\u00fcten<\/a><br><br>Salutations de Yasmin \ud83d\ude4b\u200d\u2640\ufe0f<br>und dem Orient Kontor Team \ud83d\ude4b\u200d\u2642\ufe0f\ud83d\ude4b\u200d\u2642\ufe0f\ud83d\ude4b\u200d\u2642\ufe0f<\/p>","protected":false},"excerpt":{"rendered":"<p>Moin und Salam! \ud83d\ude4b\u200d\u2640\ufe0f\ud83d\udc9c Wusstet ihr, dass Rosenbl\u00fcten sowohl in der Kosmetik als auch in der Naturheilkunde gerne eingesetzt werden? Bei uns verfeinern die getrockneten Bl\u00fcten den Schwarztee und verleihen dem Ganzen so durch \u00e4therische \u00d6le ein blumig-duftendes Aroma.Aber in den h\u00fcbschen Bl\u00fcten steckt noch mehr: Sie sollen unter anderem krampfl\u00f6send und schmerzlindernd sein, weshalb [&hellip;]<\/p>\n","protected":false},"author":2,"featured_media":5342,"comment_status":"open","ping_status":"closed","sticky":false,"template":"","format":"standard","meta":{"footnotes":""},"categories":[84],"tags":[],"class_list":["post-5341","post","type-post","status-publish","format-standard","has-post-thumbnail","hentry","category-soziale-medien-2"],"yoast_head":"<!-- This site is optimized with the Yoast SEO plugin v27.4 - https:\/\/yoast.com\/product\/yoast-seo-wordpress\/ -->\n<title>Die Rosenbl\u00fcten aus unserem Tee sind nicht nur h\u00fcbsch! - Orient Kontor<\/title>\n<meta name=\"robots\" content=\"index, follow, max-snippet:-1, max-image-preview:large, max-video-preview:-1\" \/>\n<link rel=\"canonical\" href=\"https:\/\/orient-kontor.com\/fr\/die-rosenblueten-aus-unserem-tee-sind-nicht-nur-huebsch\/\" \/>\n<meta property=\"og:locale\" content=\"fr_FR\" \/>\n<meta property=\"og:type\" content=\"article\" \/>\n<meta property=\"og:title\" content=\"Die Rosenbl\u00fcten aus unserem Tee sind nicht nur h\u00fcbsch! - Orient Kontor\" \/>\n<meta property=\"og:description\" content=\"Moin und Salam! \ud83d\ude4b\u200d\u2640\ufe0f\ud83d\udc9c Wusstet ihr, dass Rosenbl\u00fcten sowohl in der Kosmetik als auch in der Naturheilkunde gerne eingesetzt werden? Bei uns verfeinern die getrockneten Bl\u00fcten den Schwarztee und verleihen dem Ganzen so durch \u00e4therische \u00d6le ein blumig-duftendes Aroma.Aber in den h\u00fcbschen Bl\u00fcten steckt noch mehr: Sie sollen unter anderem krampfl\u00f6send und schmerzlindernd sein, weshalb [&hellip;]\" \/>\n<meta property=\"og:url\" content=\"https:\/\/orient-kontor.com\/fr\/die-rosenblueten-aus-unserem-tee-sind-nicht-nur-huebsch\/\" \/>\n<meta property=\"og:site_name\" content=\"Orient Kontor\" \/>\n<meta property=\"article:publisher\" content=\"https:\/\/www.facebook.com\/orientkontor\/\" \/>\n<meta property=\"article:published_time\" content=\"2023-05-16T17:06:08+00:00\" \/>\n<meta property=\"article:modified_time\" content=\"2023-05-16T17:06:09+00:00\" \/>\n<meta property=\"og:image\" content=\"https:\/\/orient-kontor.com\/wp-content\/uploads\/2023\/05\/rosenblueten-schwarztee.jpg\" \/>\n\t<meta property=\"og:image:width\" content=\"1080\" \/>\n\t<meta property=\"og:image:height\" content=\"1080\" \/>\n\t<meta property=\"og:image:type\" content=\"image\/jpeg\" \/>\n<meta name=\"author\" content=\"Simon Grutschus\" \/>\n<meta name=\"twitter:card\" content=\"summary_large_image\" \/>\n<meta name=\"twitter:label1\" content=\"\u00c9crit par\" \/>\n\t<meta name=\"twitter:data1\" content=\"Simon Grutschus\" \/>\n\t<meta name=\"twitter:label2\" content=\"Dur\u00e9e de lecture estim\u00e9e\" \/>\n\t<meta name=\"twitter:data2\" content=\"1 minute\" \/>\n<script type=\"application\/ld+json\" class=\"yoast-schema-graph\">{\"@context\":\"https:\\\/\\\/schema.org\",\"@graph\":[{\"@type\":\"Article\",\"@id\":\"https:\\\/\\\/orient-kontor.com\\\/die-rosenblueten-aus-unserem-tee-sind-nicht-nur-huebsch\\\/#article\",\"isPartOf\":{\"@id\":\"https:\\\/\\\/orient-kontor.com\\\/die-rosenblueten-aus-unserem-tee-sind-nicht-nur-huebsch\\\/\"},\"author\":{\"name\":\"Simon Grutschus\",\"@id\":\"https:\\\/\\\/orient-kontor.com\\\/#\\\/schema\\\/person\\\/f606a8e410a46eebc912b447124a05b7\"},\"headline\":\"Die Rosenbl\u00fcten aus unserem Tee sind nicht nur h\u00fcbsch!\",\"datePublished\":\"2023-05-16T17:06:08+00:00\",\"dateModified\":\"2023-05-16T17:06:09+00:00\",\"mainEntityOfPage\":{\"@id\":\"https:\\\/\\\/orient-kontor.com\\\/die-rosenblueten-aus-unserem-tee-sind-nicht-nur-huebsch\\\/\"},\"wordCount\":117,\"commentCount\":0,\"publisher\":{\"@id\":\"https:\\\/\\\/orient-kontor.com\\\/#organization\"},\"image\":{\"@id\":\"https:\\\/\\\/orient-kontor.com\\\/die-rosenblueten-aus-unserem-tee-sind-nicht-nur-huebsch\\\/#primaryimage\"},\"thumbnailUrl\":\"https:\\\/\\\/orient-kontor.com\\\/wp-content\\\/uploads\\\/2023\\\/05\\\/rosenblueten-schwarztee.avif\",\"articleSection\":[\"Soziale Medien 2\"],\"inLanguage\":\"fr-FR\",\"potentialAction\":[{\"@type\":\"CommentAction\",\"name\":\"Comment\",\"target\":[\"https:\\\/\\\/orient-kontor.com\\\/die-rosenblueten-aus-unserem-tee-sind-nicht-nur-huebsch\\\/#respond\"]}]},{\"@type\":\"WebPage\",\"@id\":\"https:\\\/\\\/orient-kontor.com\\\/die-rosenblueten-aus-unserem-tee-sind-nicht-nur-huebsch\\\/\",\"url\":\"https:\\\/\\\/orient-kontor.com\\\/die-rosenblueten-aus-unserem-tee-sind-nicht-nur-huebsch\\\/\",\"name\":\"Die Rosenbl\u00fcten aus unserem Tee sind nicht nur h\u00fcbsch! - Orient Kontor\",\"isPartOf\":{\"@id\":\"https:\\\/\\\/orient-kontor.com\\\/#website\"},\"primaryImageOfPage\":{\"@id\":\"https:\\\/\\\/orient-kontor.com\\\/die-rosenblueten-aus-unserem-tee-sind-nicht-nur-huebsch\\\/#primaryimage\"},\"image\":{\"@id\":\"https:\\\/\\\/orient-kontor.com\\\/die-rosenblueten-aus-unserem-tee-sind-nicht-nur-huebsch\\\/#primaryimage\"},\"thumbnailUrl\":\"https:\\\/\\\/orient-kontor.com\\\/wp-content\\\/uploads\\\/2023\\\/05\\\/rosenblueten-schwarztee.avif\",\"datePublished\":\"2023-05-16T17:06:08+00:00\",\"dateModified\":\"2023-05-16T17:06:09+00:00\",\"breadcrumb\":{\"@id\":\"https:\\\/\\\/orient-kontor.com\\\/die-rosenblueten-aus-unserem-tee-sind-nicht-nur-huebsch\\\/#breadcrumb\"},\"inLanguage\":\"fr-FR\",\"potentialAction\":[{\"@type\":\"ReadAction\",\"target\":[\"https:\\\/\\\/orient-kontor.com\\\/die-rosenblueten-aus-unserem-tee-sind-nicht-nur-huebsch\\\/\"]}]},{\"@type\":\"ImageObject\",\"inLanguage\":\"fr-FR\",\"@id\":\"https:\\\/\\\/orient-kontor.com\\\/die-rosenblueten-aus-unserem-tee-sind-nicht-nur-huebsch\\\/#primaryimage\",\"url\":\"https:\\\/\\\/orient-kontor.com\\\/wp-content\\\/uploads\\\/2023\\\/05\\\/rosenblueten-schwarztee.avif\",\"contentUrl\":\"https:\\\/\\\/orient-kontor.com\\\/wp-content\\\/uploads\\\/2023\\\/05\\\/rosenblueten-schwarztee.avif\",\"width\":1080,\"height\":1080},{\"@type\":\"BreadcrumbList\",\"@id\":\"https:\\\/\\\/orient-kontor.com\\\/die-rosenblueten-aus-unserem-tee-sind-nicht-nur-huebsch\\\/#breadcrumb\",\"itemListElement\":[{\"@type\":\"ListItem\",\"position\":1,\"name\":\"Startseite\",\"item\":\"https:\\\/\\\/orient-kontor.com\\\/\"},{\"@type\":\"ListItem\",\"position\":2,\"name\":\"Die Rosenbl\u00fcten aus unserem Tee sind nicht nur h\u00fcbsch!\"}]},{\"@type\":\"WebSite\",\"@id\":\"https:\\\/\\\/orient-kontor.com\\\/#website\",\"url\":\"https:\\\/\\\/orient-kontor.com\\\/\",\"name\":\"Orient Kontor\",\"description\":\"\",\"publisher\":{\"@id\":\"https:\\\/\\\/orient-kontor.com\\\/#organization\"},\"potentialAction\":[{\"@type\":\"SearchAction\",\"target\":{\"@type\":\"EntryPoint\",\"urlTemplate\":\"https:\\\/\\\/orient-kontor.com\\\/?s={search_term_string}\"},\"query-input\":{\"@type\":\"PropertyValueSpecification\",\"valueRequired\":true,\"valueName\":\"search_term_string\"}}],\"inLanguage\":\"fr-FR\"},{\"@type\":\"Organization\",\"@id\":\"https:\\\/\\\/orient-kontor.com\\\/#organization\",\"name\":\"Orient Kontor\",\"url\":\"https:\\\/\\\/orient-kontor.com\\\/\",\"logo\":{\"@type\":\"ImageObject\",\"inLanguage\":\"fr-FR\",\"@id\":\"https:\\\/\\\/orient-kontor.com\\\/#\\\/schema\\\/logo\\\/image\\\/\",\"url\":\"https:\\\/\\\/orient-kontor.com\\\/wp-content\\\/uploads\\\/2020\\\/08\\\/orient-kontor-logo.png\",\"contentUrl\":\"https:\\\/\\\/orient-kontor.com\\\/wp-content\\\/uploads\\\/2020\\\/08\\\/orient-kontor-logo.png\",\"width\":800,\"height\":302,\"caption\":\"Orient Kontor\"},\"image\":{\"@id\":\"https:\\\/\\\/orient-kontor.com\\\/#\\\/schema\\\/logo\\\/image\\\/\"},\"sameAs\":[\"https:\\\/\\\/www.facebook.com\\\/orientkontor\\\/\",\"https:\\\/\\\/www.instagram.com\\\/orient_kontor\\\/\"]},{\"@type\":\"Person\",\"@id\":\"https:\\\/\\\/orient-kontor.com\\\/#\\\/schema\\\/person\\\/f606a8e410a46eebc912b447124a05b7\",\"name\":\"Simon Grutschus\",\"sameAs\":[\"https:\\\/\\\/orient-kontor.com\"]}]}<\/script>\n<!-- \/ Yoast SEO plugin. -->","yoast_head_json":{"title":"Die Rosenbl\u00fcten aus unserem Tee sind nicht nur h\u00fcbsch! - Orient Kontor","robots":{"index":"index","follow":"follow","max-snippet":"max-snippet:-1","max-image-preview":"max-image-preview:large","max-video-preview":"max-video-preview:-1"},"canonical":"https:\/\/orient-kontor.com\/fr\/die-rosenblueten-aus-unserem-tee-sind-nicht-nur-huebsch\/","og_locale":"fr_FR","og_type":"article","og_title":"Die Rosenbl\u00fcten aus unserem Tee sind nicht nur h\u00fcbsch! - Orient Kontor","og_description":"Moin und Salam! \ud83d\ude4b\u200d\u2640\ufe0f\ud83d\udc9c Wusstet ihr, dass Rosenbl\u00fcten sowohl in der Kosmetik als auch in der Naturheilkunde gerne eingesetzt werden? Bei uns verfeinern die getrockneten Bl\u00fcten den Schwarztee und verleihen dem Ganzen so durch \u00e4therische \u00d6le ein blumig-duftendes Aroma.Aber in den h\u00fcbschen Bl\u00fcten steckt noch mehr: Sie sollen unter anderem krampfl\u00f6send und schmerzlindernd sein, weshalb [&hellip;]","og_url":"https:\/\/orient-kontor.com\/fr\/die-rosenblueten-aus-unserem-tee-sind-nicht-nur-huebsch\/","og_site_name":"Orient Kontor","article_publisher":"https:\/\/www.facebook.com\/orientkontor\/","article_published_time":"2023-05-16T17:06:08+00:00","article_modified_time":"2023-05-16T17:06:09+00:00","og_image":[{"width":1080,"height":1080,"url":"https:\/\/orient-kontor.com\/wp-content\/uploads\/2023\/05\/rosenblueten-schwarztee.jpg","type":"image\/jpeg"}],"author":"Simon Grutschus","twitter_card":"summary_large_image","twitter_misc":{"\u00c9crit par":"Simon Grutschus","Dur\u00e9e de lecture estim\u00e9e":"1 minute"},"schema":{"@context":"https:\/\/schema.org","@graph":[{"@type":"Article","@id":"https:\/\/orient-kontor.com\/die-rosenblueten-aus-unserem-tee-sind-nicht-nur-huebsch\/#article","isPartOf":{"@id":"https:\/\/orient-kontor.com\/die-rosenblueten-aus-unserem-tee-sind-nicht-nur-huebsch\/"},"author":{"name":"Simon Grutschus","@id":"https:\/\/orient-kontor.com\/#\/schema\/person\/f606a8e410a46eebc912b447124a05b7"},"headline":"Die Rosenbl\u00fcten aus unserem Tee sind nicht nur h\u00fcbsch!","datePublished":"2023-05-16T17:06:08+00:00","dateModified":"2023-05-16T17:06:09+00:00","mainEntityOfPage":{"@id":"https:\/\/orient-kontor.com\/die-rosenblueten-aus-unserem-tee-sind-nicht-nur-huebsch\/"},"wordCount":117,"commentCount":0,"publisher":{"@id":"https:\/\/orient-kontor.com\/#organization"},"image":{"@id":"https:\/\/orient-kontor.com\/die-rosenblueten-aus-unserem-tee-sind-nicht-nur-huebsch\/#primaryimage"},"thumbnailUrl":"https:\/\/orient-kontor.com\/wp-content\/uploads\/2023\/05\/rosenblueten-schwarztee.avif","articleSection":["Soziale Medien 2"],"inLanguage":"fr-FR","potentialAction":[{"@type":"CommentAction","name":"Comment","target":["https:\/\/orient-kontor.com\/die-rosenblueten-aus-unserem-tee-sind-nicht-nur-huebsch\/#respond"]}]},{"@type":"WebPage","@id":"https:\/\/orient-kontor.com\/die-rosenblueten-aus-unserem-tee-sind-nicht-nur-huebsch\/","url":"https:\/\/orient-kontor.com\/die-rosenblueten-aus-unserem-tee-sind-nicht-nur-huebsch\/","name":"Die Rosenbl\u00fcten aus unserem Tee sind nicht nur h\u00fcbsch! - Orient Kontor","isPartOf":{"@id":"https:\/\/orient-kontor.com\/#website"},"primaryImageOfPage":{"@id":"https:\/\/orient-kontor.com\/die-rosenblueten-aus-unserem-tee-sind-nicht-nur-huebsch\/#primaryimage"},"image":{"@id":"https:\/\/orient-kontor.com\/die-rosenblueten-aus-unserem-tee-sind-nicht-nur-huebsch\/#primaryimage"},"thumbnailUrl":"https:\/\/orient-kontor.com\/wp-content\/uploads\/2023\/05\/rosenblueten-schwarztee.avif","datePublished":"2023-05-16T17:06:08+00:00","dateModified":"2023-05-16T17:06:09+00:00","breadcrumb":{"@id":"https:\/\/orient-kontor.com\/die-rosenblueten-aus-unserem-tee-sind-nicht-nur-huebsch\/#breadcrumb"},"inLanguage":"fr-FR","potentialAction":[{"@type":"ReadAction","target":["https:\/\/orient-kontor.com\/die-rosenblueten-aus-unserem-tee-sind-nicht-nur-huebsch\/"]}]},{"@type":"ImageObject","inLanguage":"fr-FR","@id":"https:\/\/orient-kontor.com\/die-rosenblueten-aus-unserem-tee-sind-nicht-nur-huebsch\/#primaryimage","url":"https:\/\/orient-kontor.com\/wp-content\/uploads\/2023\/05\/rosenblueten-schwarztee.avif","contentUrl":"https:\/\/orient-kontor.com\/wp-content\/uploads\/2023\/05\/rosenblueten-schwarztee.avif","width":1080,"height":1080},{"@type":"BreadcrumbList","@id":"https:\/\/orient-kontor.com\/die-rosenblueten-aus-unserem-tee-sind-nicht-nur-huebsch\/#breadcrumb","itemListElement":[{"@type":"ListItem","position":1,"name":"Startseite","item":"https:\/\/orient-kontor.com\/"},{"@type":"ListItem","position":2,"name":"Die Rosenbl\u00fcten aus unserem Tee sind nicht nur h\u00fcbsch!"}]},{"@type":"WebSite","@id":"https:\/\/orient-kontor.com\/#website","url":"https:\/\/orient-kontor.com\/","name":"Orient Kontor","description":"","publisher":{"@id":"https:\/\/orient-kontor.com\/#organization"},"potentialAction":[{"@type":"SearchAction","target":{"@type":"EntryPoint","urlTemplate":"https:\/\/orient-kontor.com\/?s={search_term_string}"},"query-input":{"@type":"PropertyValueSpecification","valueRequired":true,"valueName":"search_term_string"}}],"inLanguage":"fr-FR"},{"@type":"Organization","@id":"https:\/\/orient-kontor.com\/#organization","name":"Orient Kontor","url":"https:\/\/orient-kontor.com\/","logo":{"@type":"ImageObject","inLanguage":"fr-FR","@id":"https:\/\/orient-kontor.com\/#\/schema\/logo\/image\/","url":"https:\/\/orient-kontor.com\/wp-content\/uploads\/2020\/08\/orient-kontor-logo.png","contentUrl":"https:\/\/orient-kontor.com\/wp-content\/uploads\/2020\/08\/orient-kontor-logo.png","width":800,"height":302,"caption":"Orient Kontor"},"image":{"@id":"https:\/\/orient-kontor.com\/#\/schema\/logo\/image\/"},"sameAs":["https:\/\/www.facebook.com\/orientkontor\/","https:\/\/www.instagram.com\/orient_kontor\/"]},{"@type":"Person","@id":"https:\/\/orient-kontor.com\/#\/schema\/person\/f606a8e410a46eebc912b447124a05b7","name":"Simon Grutschus","sameAs":["https:\/\/orient-kontor.com"]}]}},"_links":{"self":[{"href":"https:\/\/orient-kontor.com\/fr\/wp-json\/wp\/v2\/posts\/5341","targetHints":{"allow":["GET"]}}],"collection":[{"href":"https:\/\/orient-kontor.com\/fr\/wp-json\/wp\/v2\/posts"}],"about":[{"href":"https:\/\/orient-kontor.com\/fr\/wp-json\/wp\/v2\/types\/post"}],"author":[{"embeddable":true,"href":"https:\/\/orient-kontor.com\/fr\/wp-json\/wp\/v2\/users\/2"}],"replies":[{"embeddable":true,"href":"https:\/\/orient-kontor.com\/fr\/wp-json\/wp\/v2\/comments?post=5341"}],"version-history":[{"count":0,"href":"https:\/\/orient-kontor.com\/fr\/wp-json\/wp\/v2\/posts\/5341\/revisions"}],"wp:featuredmedia":[{"embeddable":true,"href":"https:\/\/orient-kontor.com\/fr\/wp-json\/wp\/v2\/media\/5342"}],"wp:attachment":[{"href":"https:\/\/orient-kontor.com\/fr\/wp-json\/wp\/v2\/media?parent=5341"}],"wp:term":[{"taxonomy":"category","embeddable":true,"href":"https:\/\/orient-kontor.com\/fr\/wp-json\/wp\/v2\/categories?post=5341"},{"taxonomy":"post_tag","embeddable":true,"href":"https:\/\/orient-kontor.com\/fr\/wp-json\/wp\/v2\/tags?post=5341"}],"curies":[{"name":"wp","href":"https:\/\/api.w.org\/{rel}","templated":true}]}}