{"id":6442,"date":"2024-10-16T10:00:00","date_gmt":"2024-10-16T08:00:00","guid":{"rendered":"https:\/\/orient-kontor.com\/?p=6442"},"modified":"2025-09-14T12:59:15","modified_gmt":"2025-09-14T10:59:15","slug":"safran-gegen-alzheimer","status":"publish","type":"post","link":"https:\/\/orient-kontor.com\/en\/safran-gegen-alzheimer\/","title":{"rendered":"Safran gegen Alzheimer?"},"content":{"rendered":"<p>Hello and salaam! \ud83d\ude4b\u200d\u2640\ufe0f<\/p>\n\n\n\n<p>Wusstet ihr, dass Studien darauf hinweisen, dass Safran ein potenzielles Mittel zur Behandlung von Alzheimer sein k\u00f6nnte? In Untersuchungen hat sich gezeigt, dass Safran m\u00f6glicherweise eine sch\u00fctzende Wirkung auf das Gehirn hat und bei der Verbesserung des Ged\u00e4chtnisses und der Lernf\u00e4higkeit helfen kann.<\/p>\n\n\n\n<p>Es wird weiter untersucht, ob Safran gegen Alzheimer eingesetzt werden kann, da er die Ansammlung von Plaques im Gehirn verhindern kann, die mit dieser Krankheit in Verbindung gebracht werden.<\/p>\n\n\n\n<p>Quellen u.a.: Schmidt et al. (2007); Pitsikas et al. (2007); Akhondzadeh et al. (2010); Boskabady et al. (2010)<\/p>\n\n\n\n<p>Greetings from Yasmin \ud83d\ude4b\u200d\u2640\ufe0f<\/p>\n\n\n\n<p>und dem Orient Kontor Team \ud83d\ude4b\u200d\u2642\ufe0f\ud83d\ude4b\u200d\u2642\ufe0f\ud83d\ude4b\u200d\u2642\ufe0f<\/p>","protected":false},"excerpt":{"rendered":"<p>Moin und Salam! \ud83d\ude4b\u200d\u2640\ufe0f Wusstet ihr, dass Studien darauf hinweisen, dass Safran ein potenzielles Mittel zur Behandlung von Alzheimer sein k\u00f6nnte? In Untersuchungen hat sich gezeigt, dass Safran m\u00f6glicherweise eine sch\u00fctzende Wirkung auf das Gehirn hat und bei der Verbesserung des Ged\u00e4chtnisses und der Lernf\u00e4higkeit helfen kann. Es wird weiter untersucht, ob Safran gegen Alzheimer [&hellip;]<\/p>\n","protected":false},"author":2,"featured_media":6443,"comment_status":"open","ping_status":"closed","sticky":false,"template":"","format":"standard","meta":{"footnotes":""},"categories":[84],"tags":[],"class_list":["post-6442","post","type-post","status-publish","format-standard","has-post-thumbnail","hentry","category-soziale-medien-2"],"yoast_head":"<!-- This site is optimized with the Yoast SEO plugin v27.4 - https:\/\/yoast.com\/product\/yoast-seo-wordpress\/ -->\n<title>Safran gegen Alzheimer? - Orient Kontor<\/title>\n<meta name=\"robots\" content=\"index, follow, max-snippet:-1, max-image-preview:large, max-video-preview:-1\" \/>\n<link rel=\"canonical\" href=\"https:\/\/orient-kontor.com\/en\/safran-gegen-alzheimer\/\" \/>\n<meta property=\"og:locale\" content=\"en_GB\" \/>\n<meta property=\"og:type\" content=\"article\" \/>\n<meta property=\"og:title\" content=\"Safran gegen Alzheimer? - Orient Kontor\" \/>\n<meta property=\"og:description\" content=\"Moin und Salam! \ud83d\ude4b\u200d\u2640\ufe0f Wusstet ihr, dass Studien darauf hinweisen, dass Safran ein potenzielles Mittel zur Behandlung von Alzheimer sein k\u00f6nnte? In Untersuchungen hat sich gezeigt, dass Safran m\u00f6glicherweise eine sch\u00fctzende Wirkung auf das Gehirn hat und bei der Verbesserung des Ged\u00e4chtnisses und der Lernf\u00e4higkeit helfen kann. Es wird weiter untersucht, ob Safran gegen Alzheimer [&hellip;]\" \/>\n<meta property=\"og:url\" content=\"https:\/\/orient-kontor.com\/en\/safran-gegen-alzheimer\/\" \/>\n<meta property=\"og:site_name\" content=\"Orient Kontor\" \/>\n<meta property=\"article:publisher\" content=\"https:\/\/www.facebook.com\/orientkontor\/\" \/>\n<meta property=\"article:published_time\" content=\"2024-10-16T08:00:00+00:00\" \/>\n<meta property=\"article:modified_time\" content=\"2025-09-14T10:59:15+00:00\" \/>\n<meta property=\"og:image\" content=\"https:\/\/orient-kontor.com\/wp-content\/uploads\/2024\/10\/alzheimer.jpg\" \/>\n\t<meta property=\"og:image:width\" content=\"1080\" \/>\n\t<meta property=\"og:image:height\" content=\"1080\" \/>\n\t<meta property=\"og:image:type\" content=\"image\/jpeg\" \/>\n<meta name=\"author\" content=\"Simon Grutschus\" \/>\n<meta name=\"twitter:card\" content=\"summary_large_image\" \/>\n<meta name=\"twitter:label1\" content=\"Written by\" \/>\n\t<meta name=\"twitter:data1\" content=\"Simon Grutschus\" \/>\n\t<meta name=\"twitter:label2\" content=\"Estimated reading time\" \/>\n\t<meta name=\"twitter:data2\" content=\"1 minute\" \/>\n<script type=\"application\/ld+json\" class=\"yoast-schema-graph\">{\"@context\":\"https:\\\/\\\/schema.org\",\"@graph\":[{\"@type\":\"Article\",\"@id\":\"https:\\\/\\\/orient-kontor.com\\\/safran-gegen-alzheimer\\\/#article\",\"isPartOf\":{\"@id\":\"https:\\\/\\\/orient-kontor.com\\\/safran-gegen-alzheimer\\\/\"},\"author\":{\"name\":\"Simon Grutschus\",\"@id\":\"https:\\\/\\\/orient-kontor.com\\\/#\\\/schema\\\/person\\\/f606a8e410a46eebc912b447124a05b7\"},\"headline\":\"Safran gegen Alzheimer?\",\"datePublished\":\"2024-10-16T08:00:00+00:00\",\"dateModified\":\"2025-09-14T10:59:15+00:00\",\"mainEntityOfPage\":{\"@id\":\"https:\\\/\\\/orient-kontor.com\\\/safran-gegen-alzheimer\\\/\"},\"wordCount\":107,\"commentCount\":0,\"publisher\":{\"@id\":\"https:\\\/\\\/orient-kontor.com\\\/#organization\"},\"image\":{\"@id\":\"https:\\\/\\\/orient-kontor.com\\\/safran-gegen-alzheimer\\\/#primaryimage\"},\"thumbnailUrl\":\"https:\\\/\\\/orient-kontor.com\\\/wp-content\\\/uploads\\\/2024\\\/10\\\/alzheimer.avif\",\"articleSection\":[\"Soziale Medien 2\"],\"inLanguage\":\"en-GB\",\"potentialAction\":[{\"@type\":\"CommentAction\",\"name\":\"Comment\",\"target\":[\"https:\\\/\\\/orient-kontor.com\\\/safran-gegen-alzheimer\\\/#respond\"]}]},{\"@type\":\"WebPage\",\"@id\":\"https:\\\/\\\/orient-kontor.com\\\/safran-gegen-alzheimer\\\/\",\"url\":\"https:\\\/\\\/orient-kontor.com\\\/safran-gegen-alzheimer\\\/\",\"name\":\"Safran gegen Alzheimer? - Orient Kontor\",\"isPartOf\":{\"@id\":\"https:\\\/\\\/orient-kontor.com\\\/#website\"},\"primaryImageOfPage\":{\"@id\":\"https:\\\/\\\/orient-kontor.com\\\/safran-gegen-alzheimer\\\/#primaryimage\"},\"image\":{\"@id\":\"https:\\\/\\\/orient-kontor.com\\\/safran-gegen-alzheimer\\\/#primaryimage\"},\"thumbnailUrl\":\"https:\\\/\\\/orient-kontor.com\\\/wp-content\\\/uploads\\\/2024\\\/10\\\/alzheimer.avif\",\"datePublished\":\"2024-10-16T08:00:00+00:00\",\"dateModified\":\"2025-09-14T10:59:15+00:00\",\"breadcrumb\":{\"@id\":\"https:\\\/\\\/orient-kontor.com\\\/safran-gegen-alzheimer\\\/#breadcrumb\"},\"inLanguage\":\"en-GB\",\"potentialAction\":[{\"@type\":\"ReadAction\",\"target\":[\"https:\\\/\\\/orient-kontor.com\\\/safran-gegen-alzheimer\\\/\"]}]},{\"@type\":\"ImageObject\",\"inLanguage\":\"en-GB\",\"@id\":\"https:\\\/\\\/orient-kontor.com\\\/safran-gegen-alzheimer\\\/#primaryimage\",\"url\":\"https:\\\/\\\/orient-kontor.com\\\/wp-content\\\/uploads\\\/2024\\\/10\\\/alzheimer.avif\",\"contentUrl\":\"https:\\\/\\\/orient-kontor.com\\\/wp-content\\\/uploads\\\/2024\\\/10\\\/alzheimer.avif\",\"width\":1080,\"height\":1080},{\"@type\":\"BreadcrumbList\",\"@id\":\"https:\\\/\\\/orient-kontor.com\\\/safran-gegen-alzheimer\\\/#breadcrumb\",\"itemListElement\":[{\"@type\":\"ListItem\",\"position\":1,\"name\":\"Startseite\",\"item\":\"https:\\\/\\\/orient-kontor.com\\\/\"},{\"@type\":\"ListItem\",\"position\":2,\"name\":\"Safran gegen Alzheimer?\"}]},{\"@type\":\"WebSite\",\"@id\":\"https:\\\/\\\/orient-kontor.com\\\/#website\",\"url\":\"https:\\\/\\\/orient-kontor.com\\\/\",\"name\":\"Orient Kontor\",\"description\":\"\",\"publisher\":{\"@id\":\"https:\\\/\\\/orient-kontor.com\\\/#organization\"},\"potentialAction\":[{\"@type\":\"SearchAction\",\"target\":{\"@type\":\"EntryPoint\",\"urlTemplate\":\"https:\\\/\\\/orient-kontor.com\\\/?s={search_term_string}\"},\"query-input\":{\"@type\":\"PropertyValueSpecification\",\"valueRequired\":true,\"valueName\":\"search_term_string\"}}],\"inLanguage\":\"en-GB\"},{\"@type\":\"Organization\",\"@id\":\"https:\\\/\\\/orient-kontor.com\\\/#organization\",\"name\":\"Orient Kontor\",\"url\":\"https:\\\/\\\/orient-kontor.com\\\/\",\"logo\":{\"@type\":\"ImageObject\",\"inLanguage\":\"en-GB\",\"@id\":\"https:\\\/\\\/orient-kontor.com\\\/#\\\/schema\\\/logo\\\/image\\\/\",\"url\":\"https:\\\/\\\/orient-kontor.com\\\/wp-content\\\/uploads\\\/2020\\\/08\\\/orient-kontor-logo.png\",\"contentUrl\":\"https:\\\/\\\/orient-kontor.com\\\/wp-content\\\/uploads\\\/2020\\\/08\\\/orient-kontor-logo.png\",\"width\":800,\"height\":302,\"caption\":\"Orient Kontor\"},\"image\":{\"@id\":\"https:\\\/\\\/orient-kontor.com\\\/#\\\/schema\\\/logo\\\/image\\\/\"},\"sameAs\":[\"https:\\\/\\\/www.facebook.com\\\/orientkontor\\\/\",\"https:\\\/\\\/www.instagram.com\\\/orient_kontor\\\/\"]},{\"@type\":\"Person\",\"@id\":\"https:\\\/\\\/orient-kontor.com\\\/#\\\/schema\\\/person\\\/f606a8e410a46eebc912b447124a05b7\",\"name\":\"Simon Grutschus\",\"sameAs\":[\"https:\\\/\\\/orient-kontor.com\"]}]}<\/script>\n<!-- \/ Yoast SEO plugin. -->","yoast_head_json":{"title":"Safran gegen Alzheimer? - Orient Kontor","robots":{"index":"index","follow":"follow","max-snippet":"max-snippet:-1","max-image-preview":"max-image-preview:large","max-video-preview":"max-video-preview:-1"},"canonical":"https:\/\/orient-kontor.com\/en\/safran-gegen-alzheimer\/","og_locale":"en_GB","og_type":"article","og_title":"Safran gegen Alzheimer? - Orient Kontor","og_description":"Moin und Salam! \ud83d\ude4b\u200d\u2640\ufe0f Wusstet ihr, dass Studien darauf hinweisen, dass Safran ein potenzielles Mittel zur Behandlung von Alzheimer sein k\u00f6nnte? In Untersuchungen hat sich gezeigt, dass Safran m\u00f6glicherweise eine sch\u00fctzende Wirkung auf das Gehirn hat und bei der Verbesserung des Ged\u00e4chtnisses und der Lernf\u00e4higkeit helfen kann. Es wird weiter untersucht, ob Safran gegen Alzheimer [&hellip;]","og_url":"https:\/\/orient-kontor.com\/en\/safran-gegen-alzheimer\/","og_site_name":"Orient Kontor","article_publisher":"https:\/\/www.facebook.com\/orientkontor\/","article_published_time":"2024-10-16T08:00:00+00:00","article_modified_time":"2025-09-14T10:59:15+00:00","og_image":[{"width":1080,"height":1080,"url":"https:\/\/orient-kontor.com\/wp-content\/uploads\/2024\/10\/alzheimer.jpg","type":"image\/jpeg"}],"author":"Simon Grutschus","twitter_card":"summary_large_image","twitter_misc":{"Written by":"Simon Grutschus","Estimated reading time":"1 minute"},"schema":{"@context":"https:\/\/schema.org","@graph":[{"@type":"Article","@id":"https:\/\/orient-kontor.com\/safran-gegen-alzheimer\/#article","isPartOf":{"@id":"https:\/\/orient-kontor.com\/safran-gegen-alzheimer\/"},"author":{"name":"Simon Grutschus","@id":"https:\/\/orient-kontor.com\/#\/schema\/person\/f606a8e410a46eebc912b447124a05b7"},"headline":"Safran gegen Alzheimer?","datePublished":"2024-10-16T08:00:00+00:00","dateModified":"2025-09-14T10:59:15+00:00","mainEntityOfPage":{"@id":"https:\/\/orient-kontor.com\/safran-gegen-alzheimer\/"},"wordCount":107,"commentCount":0,"publisher":{"@id":"https:\/\/orient-kontor.com\/#organization"},"image":{"@id":"https:\/\/orient-kontor.com\/safran-gegen-alzheimer\/#primaryimage"},"thumbnailUrl":"https:\/\/orient-kontor.com\/wp-content\/uploads\/2024\/10\/alzheimer.avif","articleSection":["Soziale Medien 2"],"inLanguage":"en-GB","potentialAction":[{"@type":"CommentAction","name":"Comment","target":["https:\/\/orient-kontor.com\/safran-gegen-alzheimer\/#respond"]}]},{"@type":"WebPage","@id":"https:\/\/orient-kontor.com\/safran-gegen-alzheimer\/","url":"https:\/\/orient-kontor.com\/safran-gegen-alzheimer\/","name":"Safran gegen Alzheimer? - Orient Kontor","isPartOf":{"@id":"https:\/\/orient-kontor.com\/#website"},"primaryImageOfPage":{"@id":"https:\/\/orient-kontor.com\/safran-gegen-alzheimer\/#primaryimage"},"image":{"@id":"https:\/\/orient-kontor.com\/safran-gegen-alzheimer\/#primaryimage"},"thumbnailUrl":"https:\/\/orient-kontor.com\/wp-content\/uploads\/2024\/10\/alzheimer.avif","datePublished":"2024-10-16T08:00:00+00:00","dateModified":"2025-09-14T10:59:15+00:00","breadcrumb":{"@id":"https:\/\/orient-kontor.com\/safran-gegen-alzheimer\/#breadcrumb"},"inLanguage":"en-GB","potentialAction":[{"@type":"ReadAction","target":["https:\/\/orient-kontor.com\/safran-gegen-alzheimer\/"]}]},{"@type":"ImageObject","inLanguage":"en-GB","@id":"https:\/\/orient-kontor.com\/safran-gegen-alzheimer\/#primaryimage","url":"https:\/\/orient-kontor.com\/wp-content\/uploads\/2024\/10\/alzheimer.avif","contentUrl":"https:\/\/orient-kontor.com\/wp-content\/uploads\/2024\/10\/alzheimer.avif","width":1080,"height":1080},{"@type":"BreadcrumbList","@id":"https:\/\/orient-kontor.com\/safran-gegen-alzheimer\/#breadcrumb","itemListElement":[{"@type":"ListItem","position":1,"name":"Startseite","item":"https:\/\/orient-kontor.com\/"},{"@type":"ListItem","position":2,"name":"Safran gegen Alzheimer?"}]},{"@type":"WebSite","@id":"https:\/\/orient-kontor.com\/#website","url":"https:\/\/orient-kontor.com\/","name":"Orient Kontor","description":"","publisher":{"@id":"https:\/\/orient-kontor.com\/#organization"},"potentialAction":[{"@type":"SearchAction","target":{"@type":"EntryPoint","urlTemplate":"https:\/\/orient-kontor.com\/?s={search_term_string}"},"query-input":{"@type":"PropertyValueSpecification","valueRequired":true,"valueName":"search_term_string"}}],"inLanguage":"en-GB"},{"@type":"Organization","@id":"https:\/\/orient-kontor.com\/#organization","name":"Orient Kontor","url":"https:\/\/orient-kontor.com\/","logo":{"@type":"ImageObject","inLanguage":"en-GB","@id":"https:\/\/orient-kontor.com\/#\/schema\/logo\/image\/","url":"https:\/\/orient-kontor.com\/wp-content\/uploads\/2020\/08\/orient-kontor-logo.png","contentUrl":"https:\/\/orient-kontor.com\/wp-content\/uploads\/2020\/08\/orient-kontor-logo.png","width":800,"height":302,"caption":"Orient Kontor"},"image":{"@id":"https:\/\/orient-kontor.com\/#\/schema\/logo\/image\/"},"sameAs":["https:\/\/www.facebook.com\/orientkontor\/","https:\/\/www.instagram.com\/orient_kontor\/"]},{"@type":"Person","@id":"https:\/\/orient-kontor.com\/#\/schema\/person\/f606a8e410a46eebc912b447124a05b7","name":"Simon Grutschus","sameAs":["https:\/\/orient-kontor.com"]}]}},"_links":{"self":[{"href":"https:\/\/orient-kontor.com\/en\/wp-json\/wp\/v2\/posts\/6442","targetHints":{"allow":["GET"]}}],"collection":[{"href":"https:\/\/orient-kontor.com\/en\/wp-json\/wp\/v2\/posts"}],"about":[{"href":"https:\/\/orient-kontor.com\/en\/wp-json\/wp\/v2\/types\/post"}],"author":[{"embeddable":true,"href":"https:\/\/orient-kontor.com\/en\/wp-json\/wp\/v2\/users\/2"}],"replies":[{"embeddable":true,"href":"https:\/\/orient-kontor.com\/en\/wp-json\/wp\/v2\/comments?post=6442"}],"version-history":[{"count":0,"href":"https:\/\/orient-kontor.com\/en\/wp-json\/wp\/v2\/posts\/6442\/revisions"}],"wp:featuredmedia":[{"embeddable":true,"href":"https:\/\/orient-kontor.com\/en\/wp-json\/wp\/v2\/media\/6443"}],"wp:attachment":[{"href":"https:\/\/orient-kontor.com\/en\/wp-json\/wp\/v2\/media?parent=6442"}],"wp:term":[{"taxonomy":"category","embeddable":true,"href":"https:\/\/orient-kontor.com\/en\/wp-json\/wp\/v2\/categories?post=6442"},{"taxonomy":"post_tag","embeddable":true,"href":"https:\/\/orient-kontor.com\/en\/wp-json\/wp\/v2\/tags?post=6442"}],"curies":[{"name":"wp","href":"https:\/\/api.w.org\/{rel}","templated":true}]}}