{"id":6428,"date":"2024-10-10T20:35:36","date_gmt":"2024-10-10T18:35:36","guid":{"rendered":"https:\/\/orient-kontor.com\/?p=6428"},"modified":"2024-10-10T20:36:18","modified_gmt":"2024-10-10T18:36:18","slug":"wie-dosiert-man-safran-richtig-beim-kochen","status":"publish","type":"post","link":"https:\/\/orient-kontor.com\/en\/wie-dosiert-man-safran-richtig-beim-kochen\/","title":{"rendered":"Wie dosiert man Safran richtig beim Kochen?"},"content":{"rendered":"<p>Hello and salaam! \ud83d\ude4b\u200d\u2640\ufe0f<\/p>\n\n\n\n<p>Wie dosiert man Safran eigentlich richtig beim Kochen?<\/p>\n\n\n\n<p>Safran sollte in der K\u00fcche sehr sparsam eingesetzt werden. Nicht nur, weil es das teuerste Gew\u00fcrz der Welt ist. Das Aroma des Safrans ist zudem so intensiv, dass kleine Mengen ausreichen, um das Gericht oder Geb\u00e4ck zu verfeinern. Meist reicht circa ein Viertel Teel\u00f6ffel frisch gemahlener Safran aus.<\/p>\n\n\n\n<p>Diese drei Tipps helfen euch, um das rote Gold optimal einzusetzen:<\/p>\n\n\n\n<ul class=\"wp-block-list\">\n<li>Mahlt den Safran vor der Verwendung, damit dieser sich besser verteilen kann<\/li>\n\n\n\n<li>L\u00f6st den Safran zuvor in einer Fl\u00fcssigkeit (Wasser, Sahne, Br\u00fche etc.) auf und lasst das Ganze mindestens 15 Minuten ziehen<\/li>\n\n\n\n<li>Wenn es das Rezept zul\u00e4sst, gebt den Safran m\u00f6glichst sp\u00e4t zum Essen, damit dieser nicht ewig lang mitgekocht wird<\/li>\n<\/ul>\n\n\n\n<p><\/p>\n\n\n\n<p>Greetings from Yasmin \ud83d\ude4b\u200d\u2640\ufe0f<\/p>\n\n\n\n<p>und dem Orient Kontor Team \ud83d\ude4b\u200d\u2642\ufe0f\ud83d\ude4b\u200d\u2642\ufe0f\ud83d\ude4b\u200d\u2642\ufe0f<\/p>","protected":false},"excerpt":{"rendered":"<p>Moin und Salam! \ud83d\ude4b\u200d\u2640\ufe0f Wie dosiert man Safran eigentlich richtig beim Kochen? Safran sollte in der K\u00fcche sehr sparsam eingesetzt werden. Nicht nur, weil es das teuerste Gew\u00fcrz der Welt ist. Das Aroma des Safrans ist zudem so intensiv, dass kleine Mengen ausreichen, um das Gericht oder Geb\u00e4ck zu verfeinern. Meist reicht circa ein Viertel [&hellip;]<\/p>\n","protected":false},"author":2,"featured_media":6429,"comment_status":"open","ping_status":"closed","sticky":false,"template":"","format":"standard","meta":{"footnotes":""},"categories":[84],"tags":[],"class_list":["post-6428","post","type-post","status-publish","format-standard","has-post-thumbnail","hentry","category-soziale-medien-2"],"yoast_head":"<!-- This site is optimized with the Yoast SEO plugin v27.4 - https:\/\/yoast.com\/product\/yoast-seo-wordpress\/ -->\n<title>Wie dosiert man Safran richtig beim Kochen? - Orient Kontor<\/title>\n<meta name=\"robots\" content=\"index, follow, max-snippet:-1, max-image-preview:large, max-video-preview:-1\" \/>\n<link rel=\"canonical\" href=\"https:\/\/orient-kontor.com\/en\/wie-dosiert-man-safran-richtig-beim-kochen\/\" \/>\n<meta property=\"og:locale\" content=\"en_GB\" \/>\n<meta property=\"og:type\" content=\"article\" \/>\n<meta property=\"og:title\" content=\"Wie dosiert man Safran richtig beim Kochen? - Orient Kontor\" \/>\n<meta property=\"og:description\" content=\"Moin und Salam! \ud83d\ude4b\u200d\u2640\ufe0f Wie dosiert man Safran eigentlich richtig beim Kochen? Safran sollte in der K\u00fcche sehr sparsam eingesetzt werden. Nicht nur, weil es das teuerste Gew\u00fcrz der Welt ist. Das Aroma des Safrans ist zudem so intensiv, dass kleine Mengen ausreichen, um das Gericht oder Geb\u00e4ck zu verfeinern. Meist reicht circa ein Viertel [&hellip;]\" \/>\n<meta property=\"og:url\" content=\"https:\/\/orient-kontor.com\/en\/wie-dosiert-man-safran-richtig-beim-kochen\/\" \/>\n<meta property=\"og:site_name\" content=\"Orient Kontor\" \/>\n<meta property=\"article:publisher\" content=\"https:\/\/www.facebook.com\/orientkontor\/\" \/>\n<meta property=\"article:published_time\" content=\"2024-10-10T18:35:36+00:00\" \/>\n<meta property=\"article:modified_time\" content=\"2024-10-10T18:36:18+00:00\" \/>\n<meta property=\"og:image\" content=\"https:\/\/orient-kontor.com\/wp-content\/uploads\/2024\/10\/dosierung.jpg\" \/>\n\t<meta property=\"og:image:width\" content=\"1080\" \/>\n\t<meta property=\"og:image:height\" content=\"1080\" \/>\n\t<meta property=\"og:image:type\" content=\"image\/jpeg\" \/>\n<meta name=\"author\" content=\"Simon Grutschus\" \/>\n<meta name=\"twitter:card\" content=\"summary_large_image\" \/>\n<meta name=\"twitter:label1\" content=\"Written by\" \/>\n\t<meta name=\"twitter:data1\" content=\"Simon Grutschus\" \/>\n\t<meta name=\"twitter:label2\" content=\"Estimated reading time\" \/>\n\t<meta name=\"twitter:data2\" content=\"1 minute\" \/>\n<script type=\"application\/ld+json\" class=\"yoast-schema-graph\">{\"@context\":\"https:\\\/\\\/schema.org\",\"@graph\":[{\"@type\":\"Article\",\"@id\":\"https:\\\/\\\/orient-kontor.com\\\/wie-dosiert-man-safran-richtig-beim-kochen\\\/#article\",\"isPartOf\":{\"@id\":\"https:\\\/\\\/orient-kontor.com\\\/wie-dosiert-man-safran-richtig-beim-kochen\\\/\"},\"author\":{\"name\":\"Simon Grutschus\",\"@id\":\"https:\\\/\\\/orient-kontor.com\\\/#\\\/schema\\\/person\\\/f606a8e410a46eebc912b447124a05b7\"},\"headline\":\"Wie dosiert man Safran richtig beim Kochen?\",\"datePublished\":\"2024-10-10T18:35:36+00:00\",\"dateModified\":\"2024-10-10T18:36:18+00:00\",\"mainEntityOfPage\":{\"@id\":\"https:\\\/\\\/orient-kontor.com\\\/wie-dosiert-man-safran-richtig-beim-kochen\\\/\"},\"wordCount\":146,\"commentCount\":0,\"publisher\":{\"@id\":\"https:\\\/\\\/orient-kontor.com\\\/#organization\"},\"image\":{\"@id\":\"https:\\\/\\\/orient-kontor.com\\\/wie-dosiert-man-safran-richtig-beim-kochen\\\/#primaryimage\"},\"thumbnailUrl\":\"https:\\\/\\\/orient-kontor.com\\\/wp-content\\\/uploads\\\/2024\\\/10\\\/dosierung.avif\",\"articleSection\":[\"Soziale Medien 2\"],\"inLanguage\":\"en-GB\",\"potentialAction\":[{\"@type\":\"CommentAction\",\"name\":\"Comment\",\"target\":[\"https:\\\/\\\/orient-kontor.com\\\/wie-dosiert-man-safran-richtig-beim-kochen\\\/#respond\"]}]},{\"@type\":\"WebPage\",\"@id\":\"https:\\\/\\\/orient-kontor.com\\\/wie-dosiert-man-safran-richtig-beim-kochen\\\/\",\"url\":\"https:\\\/\\\/orient-kontor.com\\\/wie-dosiert-man-safran-richtig-beim-kochen\\\/\",\"name\":\"Wie dosiert man Safran richtig beim Kochen? - Orient Kontor\",\"isPartOf\":{\"@id\":\"https:\\\/\\\/orient-kontor.com\\\/#website\"},\"primaryImageOfPage\":{\"@id\":\"https:\\\/\\\/orient-kontor.com\\\/wie-dosiert-man-safran-richtig-beim-kochen\\\/#primaryimage\"},\"image\":{\"@id\":\"https:\\\/\\\/orient-kontor.com\\\/wie-dosiert-man-safran-richtig-beim-kochen\\\/#primaryimage\"},\"thumbnailUrl\":\"https:\\\/\\\/orient-kontor.com\\\/wp-content\\\/uploads\\\/2024\\\/10\\\/dosierung.avif\",\"datePublished\":\"2024-10-10T18:35:36+00:00\",\"dateModified\":\"2024-10-10T18:36:18+00:00\",\"breadcrumb\":{\"@id\":\"https:\\\/\\\/orient-kontor.com\\\/wie-dosiert-man-safran-richtig-beim-kochen\\\/#breadcrumb\"},\"inLanguage\":\"en-GB\",\"potentialAction\":[{\"@type\":\"ReadAction\",\"target\":[\"https:\\\/\\\/orient-kontor.com\\\/wie-dosiert-man-safran-richtig-beim-kochen\\\/\"]}]},{\"@type\":\"ImageObject\",\"inLanguage\":\"en-GB\",\"@id\":\"https:\\\/\\\/orient-kontor.com\\\/wie-dosiert-man-safran-richtig-beim-kochen\\\/#primaryimage\",\"url\":\"https:\\\/\\\/orient-kontor.com\\\/wp-content\\\/uploads\\\/2024\\\/10\\\/dosierung.avif\",\"contentUrl\":\"https:\\\/\\\/orient-kontor.com\\\/wp-content\\\/uploads\\\/2024\\\/10\\\/dosierung.avif\",\"width\":1080,\"height\":1080},{\"@type\":\"BreadcrumbList\",\"@id\":\"https:\\\/\\\/orient-kontor.com\\\/wie-dosiert-man-safran-richtig-beim-kochen\\\/#breadcrumb\",\"itemListElement\":[{\"@type\":\"ListItem\",\"position\":1,\"name\":\"Startseite\",\"item\":\"https:\\\/\\\/orient-kontor.com\\\/\"},{\"@type\":\"ListItem\",\"position\":2,\"name\":\"Wie dosiert man Safran richtig beim Kochen?\"}]},{\"@type\":\"WebSite\",\"@id\":\"https:\\\/\\\/orient-kontor.com\\\/#website\",\"url\":\"https:\\\/\\\/orient-kontor.com\\\/\",\"name\":\"Orient Kontor\",\"description\":\"\",\"publisher\":{\"@id\":\"https:\\\/\\\/orient-kontor.com\\\/#organization\"},\"potentialAction\":[{\"@type\":\"SearchAction\",\"target\":{\"@type\":\"EntryPoint\",\"urlTemplate\":\"https:\\\/\\\/orient-kontor.com\\\/?s={search_term_string}\"},\"query-input\":{\"@type\":\"PropertyValueSpecification\",\"valueRequired\":true,\"valueName\":\"search_term_string\"}}],\"inLanguage\":\"en-GB\"},{\"@type\":\"Organization\",\"@id\":\"https:\\\/\\\/orient-kontor.com\\\/#organization\",\"name\":\"Orient Kontor\",\"url\":\"https:\\\/\\\/orient-kontor.com\\\/\",\"logo\":{\"@type\":\"ImageObject\",\"inLanguage\":\"en-GB\",\"@id\":\"https:\\\/\\\/orient-kontor.com\\\/#\\\/schema\\\/logo\\\/image\\\/\",\"url\":\"https:\\\/\\\/orient-kontor.com\\\/wp-content\\\/uploads\\\/2020\\\/08\\\/orient-kontor-logo.png\",\"contentUrl\":\"https:\\\/\\\/orient-kontor.com\\\/wp-content\\\/uploads\\\/2020\\\/08\\\/orient-kontor-logo.png\",\"width\":800,\"height\":302,\"caption\":\"Orient Kontor\"},\"image\":{\"@id\":\"https:\\\/\\\/orient-kontor.com\\\/#\\\/schema\\\/logo\\\/image\\\/\"},\"sameAs\":[\"https:\\\/\\\/www.facebook.com\\\/orientkontor\\\/\",\"https:\\\/\\\/www.instagram.com\\\/orient_kontor\\\/\"]},{\"@type\":\"Person\",\"@id\":\"https:\\\/\\\/orient-kontor.com\\\/#\\\/schema\\\/person\\\/f606a8e410a46eebc912b447124a05b7\",\"name\":\"Simon Grutschus\",\"sameAs\":[\"https:\\\/\\\/orient-kontor.com\"]}]}<\/script>\n<!-- \/ Yoast SEO plugin. -->","yoast_head_json":{"title":"Wie dosiert man Safran richtig beim Kochen? - Orient Kontor","robots":{"index":"index","follow":"follow","max-snippet":"max-snippet:-1","max-image-preview":"max-image-preview:large","max-video-preview":"max-video-preview:-1"},"canonical":"https:\/\/orient-kontor.com\/en\/wie-dosiert-man-safran-richtig-beim-kochen\/","og_locale":"en_GB","og_type":"article","og_title":"Wie dosiert man Safran richtig beim Kochen? - Orient Kontor","og_description":"Moin und Salam! \ud83d\ude4b\u200d\u2640\ufe0f Wie dosiert man Safran eigentlich richtig beim Kochen? Safran sollte in der K\u00fcche sehr sparsam eingesetzt werden. Nicht nur, weil es das teuerste Gew\u00fcrz der Welt ist. Das Aroma des Safrans ist zudem so intensiv, dass kleine Mengen ausreichen, um das Gericht oder Geb\u00e4ck zu verfeinern. Meist reicht circa ein Viertel [&hellip;]","og_url":"https:\/\/orient-kontor.com\/en\/wie-dosiert-man-safran-richtig-beim-kochen\/","og_site_name":"Orient Kontor","article_publisher":"https:\/\/www.facebook.com\/orientkontor\/","article_published_time":"2024-10-10T18:35:36+00:00","article_modified_time":"2024-10-10T18:36:18+00:00","og_image":[{"width":1080,"height":1080,"url":"https:\/\/orient-kontor.com\/wp-content\/uploads\/2024\/10\/dosierung.jpg","type":"image\/jpeg"}],"author":"Simon Grutschus","twitter_card":"summary_large_image","twitter_misc":{"Written by":"Simon Grutschus","Estimated reading time":"1 minute"},"schema":{"@context":"https:\/\/schema.org","@graph":[{"@type":"Article","@id":"https:\/\/orient-kontor.com\/wie-dosiert-man-safran-richtig-beim-kochen\/#article","isPartOf":{"@id":"https:\/\/orient-kontor.com\/wie-dosiert-man-safran-richtig-beim-kochen\/"},"author":{"name":"Simon Grutschus","@id":"https:\/\/orient-kontor.com\/#\/schema\/person\/f606a8e410a46eebc912b447124a05b7"},"headline":"Wie dosiert man Safran richtig beim Kochen?","datePublished":"2024-10-10T18:35:36+00:00","dateModified":"2024-10-10T18:36:18+00:00","mainEntityOfPage":{"@id":"https:\/\/orient-kontor.com\/wie-dosiert-man-safran-richtig-beim-kochen\/"},"wordCount":146,"commentCount":0,"publisher":{"@id":"https:\/\/orient-kontor.com\/#organization"},"image":{"@id":"https:\/\/orient-kontor.com\/wie-dosiert-man-safran-richtig-beim-kochen\/#primaryimage"},"thumbnailUrl":"https:\/\/orient-kontor.com\/wp-content\/uploads\/2024\/10\/dosierung.avif","articleSection":["Soziale Medien 2"],"inLanguage":"en-GB","potentialAction":[{"@type":"CommentAction","name":"Comment","target":["https:\/\/orient-kontor.com\/wie-dosiert-man-safran-richtig-beim-kochen\/#respond"]}]},{"@type":"WebPage","@id":"https:\/\/orient-kontor.com\/wie-dosiert-man-safran-richtig-beim-kochen\/","url":"https:\/\/orient-kontor.com\/wie-dosiert-man-safran-richtig-beim-kochen\/","name":"Wie dosiert man Safran richtig beim Kochen? - Orient Kontor","isPartOf":{"@id":"https:\/\/orient-kontor.com\/#website"},"primaryImageOfPage":{"@id":"https:\/\/orient-kontor.com\/wie-dosiert-man-safran-richtig-beim-kochen\/#primaryimage"},"image":{"@id":"https:\/\/orient-kontor.com\/wie-dosiert-man-safran-richtig-beim-kochen\/#primaryimage"},"thumbnailUrl":"https:\/\/orient-kontor.com\/wp-content\/uploads\/2024\/10\/dosierung.avif","datePublished":"2024-10-10T18:35:36+00:00","dateModified":"2024-10-10T18:36:18+00:00","breadcrumb":{"@id":"https:\/\/orient-kontor.com\/wie-dosiert-man-safran-richtig-beim-kochen\/#breadcrumb"},"inLanguage":"en-GB","potentialAction":[{"@type":"ReadAction","target":["https:\/\/orient-kontor.com\/wie-dosiert-man-safran-richtig-beim-kochen\/"]}]},{"@type":"ImageObject","inLanguage":"en-GB","@id":"https:\/\/orient-kontor.com\/wie-dosiert-man-safran-richtig-beim-kochen\/#primaryimage","url":"https:\/\/orient-kontor.com\/wp-content\/uploads\/2024\/10\/dosierung.avif","contentUrl":"https:\/\/orient-kontor.com\/wp-content\/uploads\/2024\/10\/dosierung.avif","width":1080,"height":1080},{"@type":"BreadcrumbList","@id":"https:\/\/orient-kontor.com\/wie-dosiert-man-safran-richtig-beim-kochen\/#breadcrumb","itemListElement":[{"@type":"ListItem","position":1,"name":"Startseite","item":"https:\/\/orient-kontor.com\/"},{"@type":"ListItem","position":2,"name":"Wie dosiert man Safran richtig beim Kochen?"}]},{"@type":"WebSite","@id":"https:\/\/orient-kontor.com\/#website","url":"https:\/\/orient-kontor.com\/","name":"Orient Kontor","description":"","publisher":{"@id":"https:\/\/orient-kontor.com\/#organization"},"potentialAction":[{"@type":"SearchAction","target":{"@type":"EntryPoint","urlTemplate":"https:\/\/orient-kontor.com\/?s={search_term_string}"},"query-input":{"@type":"PropertyValueSpecification","valueRequired":true,"valueName":"search_term_string"}}],"inLanguage":"en-GB"},{"@type":"Organization","@id":"https:\/\/orient-kontor.com\/#organization","name":"Orient Kontor","url":"https:\/\/orient-kontor.com\/","logo":{"@type":"ImageObject","inLanguage":"en-GB","@id":"https:\/\/orient-kontor.com\/#\/schema\/logo\/image\/","url":"https:\/\/orient-kontor.com\/wp-content\/uploads\/2020\/08\/orient-kontor-logo.png","contentUrl":"https:\/\/orient-kontor.com\/wp-content\/uploads\/2020\/08\/orient-kontor-logo.png","width":800,"height":302,"caption":"Orient Kontor"},"image":{"@id":"https:\/\/orient-kontor.com\/#\/schema\/logo\/image\/"},"sameAs":["https:\/\/www.facebook.com\/orientkontor\/","https:\/\/www.instagram.com\/orient_kontor\/"]},{"@type":"Person","@id":"https:\/\/orient-kontor.com\/#\/schema\/person\/f606a8e410a46eebc912b447124a05b7","name":"Simon Grutschus","sameAs":["https:\/\/orient-kontor.com"]}]}},"_links":{"self":[{"href":"https:\/\/orient-kontor.com\/en\/wp-json\/wp\/v2\/posts\/6428","targetHints":{"allow":["GET"]}}],"collection":[{"href":"https:\/\/orient-kontor.com\/en\/wp-json\/wp\/v2\/posts"}],"about":[{"href":"https:\/\/orient-kontor.com\/en\/wp-json\/wp\/v2\/types\/post"}],"author":[{"embeddable":true,"href":"https:\/\/orient-kontor.com\/en\/wp-json\/wp\/v2\/users\/2"}],"replies":[{"embeddable":true,"href":"https:\/\/orient-kontor.com\/en\/wp-json\/wp\/v2\/comments?post=6428"}],"version-history":[{"count":0,"href":"https:\/\/orient-kontor.com\/en\/wp-json\/wp\/v2\/posts\/6428\/revisions"}],"wp:featuredmedia":[{"embeddable":true,"href":"https:\/\/orient-kontor.com\/en\/wp-json\/wp\/v2\/media\/6429"}],"wp:attachment":[{"href":"https:\/\/orient-kontor.com\/en\/wp-json\/wp\/v2\/media?parent=6428"}],"wp:term":[{"taxonomy":"category","embeddable":true,"href":"https:\/\/orient-kontor.com\/en\/wp-json\/wp\/v2\/categories?post=6428"},{"taxonomy":"post_tag","embeddable":true,"href":"https:\/\/orient-kontor.com\/en\/wp-json\/wp\/v2\/tags?post=6428"}],"curies":[{"name":"wp","href":"https:\/\/api.w.org\/{rel}","templated":true}]}}