{"id":5901,"date":"2024-05-29T19:06:09","date_gmt":"2024-05-29T17:06:09","guid":{"rendered":"https:\/\/orient-kontor.com\/?p=5901"},"modified":"2024-05-29T19:06:09","modified_gmt":"2024-05-29T17:06:09","slug":"der-tag-des-safrans-2023","status":"publish","type":"post","link":"https:\/\/orient-kontor.com\/en\/der-tag-des-safrans-2023\/","title":{"rendered":"Der Tag des Safrans (2023)"},"content":{"rendered":"<p>Hello and salaam!<br><br>Letztes Jahr haben wir den ersten internationalen Tag des Safrans ausgerufen und den 11. Oktober daf\u00fcr festgelegt.<\/p>\n\n\n\n<p>Auch dieses Jahr wollen wir zu Beginn der Erntezeit das edelste aller Gew\u00fcrze mit euch feiern. Daher gibt es unseren Safran heute in unserem Shop versandkostenfrei. Nutzt daf\u00fcr einfach den Code \u201eTagdesSafrans\u201c bei eurer Bestellung.<\/p>\n\n\n\n<p><br>Greetings from Yasmin \ud83d\ude4b\u200d\u2640\ufe0f<br>und dem Team von Orient Kontor \ud83d\ude4b\u200d\u2642\ufe0f\ud83d\ude4b\u200d\u2642\ufe0f\ud83d\ude4b\u200d\u2642\ufe0f<\/p>","protected":false},"excerpt":{"rendered":"<p>Moin und Salam! Letztes Jahr haben wir den ersten internationalen Tag des Safrans ausgerufen und den 11. Oktober daf\u00fcr festgelegt. Auch dieses Jahr wollen wir zu Beginn der Erntezeit das edelste aller Gew\u00fcrze mit euch feiern. Daher gibt es unseren Safran heute in unserem Shop versandkostenfrei. Nutzt daf\u00fcr einfach den Code \u201eTagdesSafrans\u201c bei eurer Bestellung. [&hellip;]<\/p>\n","protected":false},"author":2,"featured_media":5902,"comment_status":"open","ping_status":"closed","sticky":false,"template":"","format":"standard","meta":{"footnotes":""},"categories":[84],"tags":[],"class_list":["post-5901","post","type-post","status-publish","format-standard","has-post-thumbnail","hentry","category-soziale-medien-2"],"yoast_head":"<!-- This site is optimized with the Yoast SEO plugin v27.4 - https:\/\/yoast.com\/product\/yoast-seo-wordpress\/ -->\n<title>Der Tag des Safrans (2023) - Orient Kontor<\/title>\n<meta name=\"robots\" content=\"index, follow, max-snippet:-1, max-image-preview:large, max-video-preview:-1\" \/>\n<link rel=\"canonical\" href=\"https:\/\/orient-kontor.com\/en\/der-tag-des-safrans-2023\/\" \/>\n<meta property=\"og:locale\" content=\"en_GB\" \/>\n<meta property=\"og:type\" content=\"article\" \/>\n<meta property=\"og:title\" content=\"Der Tag des Safrans (2023) - Orient Kontor\" \/>\n<meta property=\"og:description\" content=\"Moin und Salam! Letztes Jahr haben wir den ersten internationalen Tag des Safrans ausgerufen und den 11. Oktober daf\u00fcr festgelegt. Auch dieses Jahr wollen wir zu Beginn der Erntezeit das edelste aller Gew\u00fcrze mit euch feiern. Daher gibt es unseren Safran heute in unserem Shop versandkostenfrei. Nutzt daf\u00fcr einfach den Code \u201eTagdesSafrans\u201c bei eurer Bestellung. [&hellip;]\" \/>\n<meta property=\"og:url\" content=\"https:\/\/orient-kontor.com\/en\/der-tag-des-safrans-2023\/\" \/>\n<meta property=\"og:site_name\" content=\"Orient Kontor\" \/>\n<meta property=\"article:publisher\" content=\"https:\/\/www.facebook.com\/orientkontor\/\" \/>\n<meta property=\"article:published_time\" content=\"2024-05-29T17:06:09+00:00\" \/>\n<meta property=\"og:image\" content=\"https:\/\/orient-kontor.com\/wp-content\/uploads\/2024\/05\/tag-des-safrans-2023.jpg\" \/>\n\t<meta property=\"og:image:width\" content=\"1080\" \/>\n\t<meta property=\"og:image:height\" content=\"1080\" \/>\n\t<meta property=\"og:image:type\" content=\"image\/jpeg\" \/>\n<meta name=\"author\" content=\"Simon Grutschus\" \/>\n<meta name=\"twitter:card\" content=\"summary_large_image\" \/>\n<meta name=\"twitter:label1\" content=\"Written by\" \/>\n\t<meta name=\"twitter:data1\" content=\"Simon Grutschus\" \/>\n<script type=\"application\/ld+json\" class=\"yoast-schema-graph\">{\"@context\":\"https:\\\/\\\/schema.org\",\"@graph\":[{\"@type\":\"Article\",\"@id\":\"https:\\\/\\\/orient-kontor.com\\\/der-tag-des-safrans-2023\\\/#article\",\"isPartOf\":{\"@id\":\"https:\\\/\\\/orient-kontor.com\\\/der-tag-des-safrans-2023\\\/\"},\"author\":{\"name\":\"Simon Grutschus\",\"@id\":\"https:\\\/\\\/orient-kontor.com\\\/#\\\/schema\\\/person\\\/f606a8e410a46eebc912b447124a05b7\"},\"headline\":\"Der Tag des Safrans (2023)\",\"datePublished\":\"2024-05-29T17:06:09+00:00\",\"mainEntityOfPage\":{\"@id\":\"https:\\\/\\\/orient-kontor.com\\\/der-tag-des-safrans-2023\\\/\"},\"wordCount\":71,\"commentCount\":0,\"publisher\":{\"@id\":\"https:\\\/\\\/orient-kontor.com\\\/#organization\"},\"image\":{\"@id\":\"https:\\\/\\\/orient-kontor.com\\\/der-tag-des-safrans-2023\\\/#primaryimage\"},\"thumbnailUrl\":\"https:\\\/\\\/orient-kontor.com\\\/wp-content\\\/uploads\\\/2024\\\/05\\\/tag-des-safrans-2023.avif\",\"articleSection\":[\"Soziale Medien 2\"],\"inLanguage\":\"en-GB\",\"potentialAction\":[{\"@type\":\"CommentAction\",\"name\":\"Comment\",\"target\":[\"https:\\\/\\\/orient-kontor.com\\\/der-tag-des-safrans-2023\\\/#respond\"]}]},{\"@type\":\"WebPage\",\"@id\":\"https:\\\/\\\/orient-kontor.com\\\/der-tag-des-safrans-2023\\\/\",\"url\":\"https:\\\/\\\/orient-kontor.com\\\/der-tag-des-safrans-2023\\\/\",\"name\":\"Der Tag des Safrans (2023) - Orient Kontor\",\"isPartOf\":{\"@id\":\"https:\\\/\\\/orient-kontor.com\\\/#website\"},\"primaryImageOfPage\":{\"@id\":\"https:\\\/\\\/orient-kontor.com\\\/der-tag-des-safrans-2023\\\/#primaryimage\"},\"image\":{\"@id\":\"https:\\\/\\\/orient-kontor.com\\\/der-tag-des-safrans-2023\\\/#primaryimage\"},\"thumbnailUrl\":\"https:\\\/\\\/orient-kontor.com\\\/wp-content\\\/uploads\\\/2024\\\/05\\\/tag-des-safrans-2023.avif\",\"datePublished\":\"2024-05-29T17:06:09+00:00\",\"breadcrumb\":{\"@id\":\"https:\\\/\\\/orient-kontor.com\\\/der-tag-des-safrans-2023\\\/#breadcrumb\"},\"inLanguage\":\"en-GB\",\"potentialAction\":[{\"@type\":\"ReadAction\",\"target\":[\"https:\\\/\\\/orient-kontor.com\\\/der-tag-des-safrans-2023\\\/\"]}]},{\"@type\":\"ImageObject\",\"inLanguage\":\"en-GB\",\"@id\":\"https:\\\/\\\/orient-kontor.com\\\/der-tag-des-safrans-2023\\\/#primaryimage\",\"url\":\"https:\\\/\\\/orient-kontor.com\\\/wp-content\\\/uploads\\\/2024\\\/05\\\/tag-des-safrans-2023.avif\",\"contentUrl\":\"https:\\\/\\\/orient-kontor.com\\\/wp-content\\\/uploads\\\/2024\\\/05\\\/tag-des-safrans-2023.avif\",\"width\":1080,\"height\":1080},{\"@type\":\"BreadcrumbList\",\"@id\":\"https:\\\/\\\/orient-kontor.com\\\/der-tag-des-safrans-2023\\\/#breadcrumb\",\"itemListElement\":[{\"@type\":\"ListItem\",\"position\":1,\"name\":\"Startseite\",\"item\":\"https:\\\/\\\/orient-kontor.com\\\/\"},{\"@type\":\"ListItem\",\"position\":2,\"name\":\"Der Tag des Safrans (2023)\"}]},{\"@type\":\"WebSite\",\"@id\":\"https:\\\/\\\/orient-kontor.com\\\/#website\",\"url\":\"https:\\\/\\\/orient-kontor.com\\\/\",\"name\":\"Orient Kontor\",\"description\":\"\",\"publisher\":{\"@id\":\"https:\\\/\\\/orient-kontor.com\\\/#organization\"},\"potentialAction\":[{\"@type\":\"SearchAction\",\"target\":{\"@type\":\"EntryPoint\",\"urlTemplate\":\"https:\\\/\\\/orient-kontor.com\\\/?s={search_term_string}\"},\"query-input\":{\"@type\":\"PropertyValueSpecification\",\"valueRequired\":true,\"valueName\":\"search_term_string\"}}],\"inLanguage\":\"en-GB\"},{\"@type\":\"Organization\",\"@id\":\"https:\\\/\\\/orient-kontor.com\\\/#organization\",\"name\":\"Orient Kontor\",\"url\":\"https:\\\/\\\/orient-kontor.com\\\/\",\"logo\":{\"@type\":\"ImageObject\",\"inLanguage\":\"en-GB\",\"@id\":\"https:\\\/\\\/orient-kontor.com\\\/#\\\/schema\\\/logo\\\/image\\\/\",\"url\":\"https:\\\/\\\/orient-kontor.com\\\/wp-content\\\/uploads\\\/2020\\\/08\\\/orient-kontor-logo.png\",\"contentUrl\":\"https:\\\/\\\/orient-kontor.com\\\/wp-content\\\/uploads\\\/2020\\\/08\\\/orient-kontor-logo.png\",\"width\":800,\"height\":302,\"caption\":\"Orient Kontor\"},\"image\":{\"@id\":\"https:\\\/\\\/orient-kontor.com\\\/#\\\/schema\\\/logo\\\/image\\\/\"},\"sameAs\":[\"https:\\\/\\\/www.facebook.com\\\/orientkontor\\\/\",\"https:\\\/\\\/www.instagram.com\\\/orient_kontor\\\/\"]},{\"@type\":\"Person\",\"@id\":\"https:\\\/\\\/orient-kontor.com\\\/#\\\/schema\\\/person\\\/f606a8e410a46eebc912b447124a05b7\",\"name\":\"Simon Grutschus\",\"sameAs\":[\"https:\\\/\\\/orient-kontor.com\"]}]}<\/script>\n<!-- \/ Yoast SEO plugin. -->","yoast_head_json":{"title":"Der Tag des Safrans (2023) - Orient Kontor","robots":{"index":"index","follow":"follow","max-snippet":"max-snippet:-1","max-image-preview":"max-image-preview:large","max-video-preview":"max-video-preview:-1"},"canonical":"https:\/\/orient-kontor.com\/en\/der-tag-des-safrans-2023\/","og_locale":"en_GB","og_type":"article","og_title":"Der Tag des Safrans (2023) - Orient Kontor","og_description":"Moin und Salam! Letztes Jahr haben wir den ersten internationalen Tag des Safrans ausgerufen und den 11. Oktober daf\u00fcr festgelegt. Auch dieses Jahr wollen wir zu Beginn der Erntezeit das edelste aller Gew\u00fcrze mit euch feiern. Daher gibt es unseren Safran heute in unserem Shop versandkostenfrei. Nutzt daf\u00fcr einfach den Code \u201eTagdesSafrans\u201c bei eurer Bestellung. [&hellip;]","og_url":"https:\/\/orient-kontor.com\/en\/der-tag-des-safrans-2023\/","og_site_name":"Orient Kontor","article_publisher":"https:\/\/www.facebook.com\/orientkontor\/","article_published_time":"2024-05-29T17:06:09+00:00","og_image":[{"width":1080,"height":1080,"url":"https:\/\/orient-kontor.com\/wp-content\/uploads\/2024\/05\/tag-des-safrans-2023.jpg","type":"image\/jpeg"}],"author":"Simon Grutschus","twitter_card":"summary_large_image","twitter_misc":{"Written by":"Simon Grutschus"},"schema":{"@context":"https:\/\/schema.org","@graph":[{"@type":"Article","@id":"https:\/\/orient-kontor.com\/der-tag-des-safrans-2023\/#article","isPartOf":{"@id":"https:\/\/orient-kontor.com\/der-tag-des-safrans-2023\/"},"author":{"name":"Simon Grutschus","@id":"https:\/\/orient-kontor.com\/#\/schema\/person\/f606a8e410a46eebc912b447124a05b7"},"headline":"Der Tag des Safrans (2023)","datePublished":"2024-05-29T17:06:09+00:00","mainEntityOfPage":{"@id":"https:\/\/orient-kontor.com\/der-tag-des-safrans-2023\/"},"wordCount":71,"commentCount":0,"publisher":{"@id":"https:\/\/orient-kontor.com\/#organization"},"image":{"@id":"https:\/\/orient-kontor.com\/der-tag-des-safrans-2023\/#primaryimage"},"thumbnailUrl":"https:\/\/orient-kontor.com\/wp-content\/uploads\/2024\/05\/tag-des-safrans-2023.avif","articleSection":["Soziale Medien 2"],"inLanguage":"en-GB","potentialAction":[{"@type":"CommentAction","name":"Comment","target":["https:\/\/orient-kontor.com\/der-tag-des-safrans-2023\/#respond"]}]},{"@type":"WebPage","@id":"https:\/\/orient-kontor.com\/der-tag-des-safrans-2023\/","url":"https:\/\/orient-kontor.com\/der-tag-des-safrans-2023\/","name":"Der Tag des Safrans (2023) - Orient Kontor","isPartOf":{"@id":"https:\/\/orient-kontor.com\/#website"},"primaryImageOfPage":{"@id":"https:\/\/orient-kontor.com\/der-tag-des-safrans-2023\/#primaryimage"},"image":{"@id":"https:\/\/orient-kontor.com\/der-tag-des-safrans-2023\/#primaryimage"},"thumbnailUrl":"https:\/\/orient-kontor.com\/wp-content\/uploads\/2024\/05\/tag-des-safrans-2023.avif","datePublished":"2024-05-29T17:06:09+00:00","breadcrumb":{"@id":"https:\/\/orient-kontor.com\/der-tag-des-safrans-2023\/#breadcrumb"},"inLanguage":"en-GB","potentialAction":[{"@type":"ReadAction","target":["https:\/\/orient-kontor.com\/der-tag-des-safrans-2023\/"]}]},{"@type":"ImageObject","inLanguage":"en-GB","@id":"https:\/\/orient-kontor.com\/der-tag-des-safrans-2023\/#primaryimage","url":"https:\/\/orient-kontor.com\/wp-content\/uploads\/2024\/05\/tag-des-safrans-2023.avif","contentUrl":"https:\/\/orient-kontor.com\/wp-content\/uploads\/2024\/05\/tag-des-safrans-2023.avif","width":1080,"height":1080},{"@type":"BreadcrumbList","@id":"https:\/\/orient-kontor.com\/der-tag-des-safrans-2023\/#breadcrumb","itemListElement":[{"@type":"ListItem","position":1,"name":"Startseite","item":"https:\/\/orient-kontor.com\/"},{"@type":"ListItem","position":2,"name":"Der Tag des Safrans (2023)"}]},{"@type":"WebSite","@id":"https:\/\/orient-kontor.com\/#website","url":"https:\/\/orient-kontor.com\/","name":"Orient Kontor","description":"","publisher":{"@id":"https:\/\/orient-kontor.com\/#organization"},"potentialAction":[{"@type":"SearchAction","target":{"@type":"EntryPoint","urlTemplate":"https:\/\/orient-kontor.com\/?s={search_term_string}"},"query-input":{"@type":"PropertyValueSpecification","valueRequired":true,"valueName":"search_term_string"}}],"inLanguage":"en-GB"},{"@type":"Organization","@id":"https:\/\/orient-kontor.com\/#organization","name":"Orient Kontor","url":"https:\/\/orient-kontor.com\/","logo":{"@type":"ImageObject","inLanguage":"en-GB","@id":"https:\/\/orient-kontor.com\/#\/schema\/logo\/image\/","url":"https:\/\/orient-kontor.com\/wp-content\/uploads\/2020\/08\/orient-kontor-logo.png","contentUrl":"https:\/\/orient-kontor.com\/wp-content\/uploads\/2020\/08\/orient-kontor-logo.png","width":800,"height":302,"caption":"Orient Kontor"},"image":{"@id":"https:\/\/orient-kontor.com\/#\/schema\/logo\/image\/"},"sameAs":["https:\/\/www.facebook.com\/orientkontor\/","https:\/\/www.instagram.com\/orient_kontor\/"]},{"@type":"Person","@id":"https:\/\/orient-kontor.com\/#\/schema\/person\/f606a8e410a46eebc912b447124a05b7","name":"Simon Grutschus","sameAs":["https:\/\/orient-kontor.com"]}]}},"_links":{"self":[{"href":"https:\/\/orient-kontor.com\/en\/wp-json\/wp\/v2\/posts\/5901","targetHints":{"allow":["GET"]}}],"collection":[{"href":"https:\/\/orient-kontor.com\/en\/wp-json\/wp\/v2\/posts"}],"about":[{"href":"https:\/\/orient-kontor.com\/en\/wp-json\/wp\/v2\/types\/post"}],"author":[{"embeddable":true,"href":"https:\/\/orient-kontor.com\/en\/wp-json\/wp\/v2\/users\/2"}],"replies":[{"embeddable":true,"href":"https:\/\/orient-kontor.com\/en\/wp-json\/wp\/v2\/comments?post=5901"}],"version-history":[{"count":0,"href":"https:\/\/orient-kontor.com\/en\/wp-json\/wp\/v2\/posts\/5901\/revisions"}],"wp:featuredmedia":[{"embeddable":true,"href":"https:\/\/orient-kontor.com\/en\/wp-json\/wp\/v2\/media\/5902"}],"wp:attachment":[{"href":"https:\/\/orient-kontor.com\/en\/wp-json\/wp\/v2\/media?parent=5901"}],"wp:term":[{"taxonomy":"category","embeddable":true,"href":"https:\/\/orient-kontor.com\/en\/wp-json\/wp\/v2\/categories?post=5901"},{"taxonomy":"post_tag","embeddable":true,"href":"https:\/\/orient-kontor.com\/en\/wp-json\/wp\/v2\/tags?post=5901"}],"curies":[{"name":"wp","href":"https:\/\/api.w.org\/{rel}","templated":true}]}}