{"id":5338,"date":"2023-05-16T19:02:31","date_gmt":"2023-05-16T17:02:31","guid":{"rendered":"https:\/\/orient-kontor.com\/?p=5338"},"modified":"2023-05-16T19:02:32","modified_gmt":"2023-05-16T17:02:32","slug":"die-orangenbluete-aus-unserem-schwarztee-ist-ein-echter-allrounder","status":"publish","type":"post","link":"https:\/\/orient-kontor.com\/en\/die-orangenbluete-aus-unserem-schwarztee-ist-ein-echter-allrounder\/","title":{"rendered":"Die Orangenbl\u00fcte aus unserem Schwarztee ist ein echter Allrounder!"},"content":{"rendered":"<p>Moin und Salam! \ud83d\ude4b\u200d\u2640\ufe0f\ud83e\udde1<br>Wusstet ihr, dass die Orangenbl\u00fcten (Flos Aurantii) in unserem Schwarztee ein echter Allrounder sind?<br><br>Sie bereichern den Tee nicht nur mit frisch-herben Zitrusaromen, sondern ihnen werden auch verschiedenste Wirkungen nachgesagt.<br><br>So sollen Orangenbl\u00fcten bei Erregungszust\u00e4nden und Schlafst\u00f6rungen beruhigend und insgesamt nervenst\u00e4rkend wirken. Aber auch ein magenberuhigender Effekt wird vermutet, sodass der Aufguss von Orangenbl\u00fcten auch bei Verdauungsbeschwerden eingesetzt wird. Toll oder?<br><br><a href=\"https:\/\/orient-kontor.com\/en\/shop\/schwarzer-tee-mit-orangenblueten\/\">Hier findet ihr unseren Schwarztee mit Orangenbl\u00fcten<\/a><br><br>Greetings from Yasmin \ud83d\ude4b\u200d\u2640\ufe0f<br>und dem Orient Kontor Team \ud83d\ude4b\u200d\u2642\ufe0f\ud83d\ude4b\u200d\u2642\ufe0f\ud83d\ude4b\u200d\u2642\ufe0f<\/p>","protected":false},"excerpt":{"rendered":"<p>Moin und Salam! \ud83d\ude4b\u200d\u2640\ufe0f\ud83e\udde1Wusstet ihr, dass die Orangenbl\u00fcten (Flos Aurantii) in unserem Schwarztee ein echter Allrounder sind? Sie bereichern den Tee nicht nur mit frisch-herben Zitrusaromen, sondern ihnen werden auch verschiedenste Wirkungen nachgesagt. So sollen Orangenbl\u00fcten bei Erregungszust\u00e4nden und Schlafst\u00f6rungen beruhigend und insgesamt nervenst\u00e4rkend wirken. Aber auch ein magenberuhigender Effekt wird vermutet, sodass der Aufguss [&hellip;]<\/p>\n","protected":false},"author":2,"featured_media":5339,"comment_status":"open","ping_status":"closed","sticky":false,"template":"","format":"standard","meta":{"footnotes":""},"categories":[84],"tags":[],"class_list":["post-5338","post","type-post","status-publish","format-standard","has-post-thumbnail","hentry","category-soziale-medien-2"],"yoast_head":"<!-- This site is optimized with the Yoast SEO plugin v27.4 - https:\/\/yoast.com\/product\/yoast-seo-wordpress\/ -->\n<title>Die Orangenbl\u00fcte aus unserem Schwarztee ist ein echter Allrounder! - Orient Kontor<\/title>\n<meta name=\"robots\" content=\"index, follow, max-snippet:-1, max-image-preview:large, max-video-preview:-1\" \/>\n<link rel=\"canonical\" href=\"https:\/\/orient-kontor.com\/en\/die-orangenbluete-aus-unserem-schwarztee-ist-ein-echter-allrounder\/\" \/>\n<meta property=\"og:locale\" content=\"en_GB\" \/>\n<meta property=\"og:type\" content=\"article\" \/>\n<meta property=\"og:title\" content=\"Die Orangenbl\u00fcte aus unserem Schwarztee ist ein echter Allrounder! - Orient Kontor\" \/>\n<meta property=\"og:description\" content=\"Moin und Salam! \ud83d\ude4b\u200d\u2640\ufe0f\ud83e\udde1Wusstet ihr, dass die Orangenbl\u00fcten (Flos Aurantii) in unserem Schwarztee ein echter Allrounder sind? Sie bereichern den Tee nicht nur mit frisch-herben Zitrusaromen, sondern ihnen werden auch verschiedenste Wirkungen nachgesagt. So sollen Orangenbl\u00fcten bei Erregungszust\u00e4nden und Schlafst\u00f6rungen beruhigend und insgesamt nervenst\u00e4rkend wirken. Aber auch ein magenberuhigender Effekt wird vermutet, sodass der Aufguss [&hellip;]\" \/>\n<meta property=\"og:url\" content=\"https:\/\/orient-kontor.com\/en\/die-orangenbluete-aus-unserem-schwarztee-ist-ein-echter-allrounder\/\" \/>\n<meta property=\"og:site_name\" content=\"Orient Kontor\" \/>\n<meta property=\"article:publisher\" content=\"https:\/\/www.facebook.com\/orientkontor\/\" \/>\n<meta property=\"article:published_time\" content=\"2023-05-16T17:02:31+00:00\" \/>\n<meta property=\"article:modified_time\" content=\"2023-05-16T17:02:32+00:00\" \/>\n<meta property=\"og:image\" content=\"https:\/\/orient-kontor.com\/wp-content\/uploads\/2023\/05\/orangenbluete-schwarztee.jpg\" \/>\n\t<meta property=\"og:image:width\" content=\"1080\" \/>\n\t<meta property=\"og:image:height\" content=\"1080\" \/>\n\t<meta property=\"og:image:type\" content=\"image\/jpeg\" \/>\n<meta name=\"author\" content=\"Simon Grutschus\" \/>\n<meta name=\"twitter:card\" content=\"summary_large_image\" \/>\n<meta name=\"twitter:label1\" content=\"Written by\" \/>\n\t<meta name=\"twitter:data1\" content=\"Simon Grutschus\" \/>\n<script type=\"application\/ld+json\" class=\"yoast-schema-graph\">{\"@context\":\"https:\\\/\\\/schema.org\",\"@graph\":[{\"@type\":\"Article\",\"@id\":\"https:\\\/\\\/orient-kontor.com\\\/die-orangenbluete-aus-unserem-schwarztee-ist-ein-echter-allrounder\\\/#article\",\"isPartOf\":{\"@id\":\"https:\\\/\\\/orient-kontor.com\\\/die-orangenbluete-aus-unserem-schwarztee-ist-ein-echter-allrounder\\\/\"},\"author\":{\"name\":\"Simon Grutschus\",\"@id\":\"https:\\\/\\\/orient-kontor.com\\\/#\\\/schema\\\/person\\\/f606a8e410a46eebc912b447124a05b7\"},\"headline\":\"Die Orangenbl\u00fcte aus unserem Schwarztee ist ein echter Allrounder!\",\"datePublished\":\"2023-05-16T17:02:31+00:00\",\"dateModified\":\"2023-05-16T17:02:32+00:00\",\"mainEntityOfPage\":{\"@id\":\"https:\\\/\\\/orient-kontor.com\\\/die-orangenbluete-aus-unserem-schwarztee-ist-ein-echter-allrounder\\\/\"},\"wordCount\":97,\"commentCount\":0,\"publisher\":{\"@id\":\"https:\\\/\\\/orient-kontor.com\\\/#organization\"},\"image\":{\"@id\":\"https:\\\/\\\/orient-kontor.com\\\/die-orangenbluete-aus-unserem-schwarztee-ist-ein-echter-allrounder\\\/#primaryimage\"},\"thumbnailUrl\":\"https:\\\/\\\/orient-kontor.com\\\/wp-content\\\/uploads\\\/2023\\\/05\\\/orangenbluete-schwarztee.avif\",\"articleSection\":[\"Soziale Medien 2\"],\"inLanguage\":\"en-GB\",\"potentialAction\":[{\"@type\":\"CommentAction\",\"name\":\"Comment\",\"target\":[\"https:\\\/\\\/orient-kontor.com\\\/die-orangenbluete-aus-unserem-schwarztee-ist-ein-echter-allrounder\\\/#respond\"]}]},{\"@type\":\"WebPage\",\"@id\":\"https:\\\/\\\/orient-kontor.com\\\/die-orangenbluete-aus-unserem-schwarztee-ist-ein-echter-allrounder\\\/\",\"url\":\"https:\\\/\\\/orient-kontor.com\\\/die-orangenbluete-aus-unserem-schwarztee-ist-ein-echter-allrounder\\\/\",\"name\":\"Die Orangenbl\u00fcte aus unserem Schwarztee ist ein echter Allrounder! - Orient Kontor\",\"isPartOf\":{\"@id\":\"https:\\\/\\\/orient-kontor.com\\\/#website\"},\"primaryImageOfPage\":{\"@id\":\"https:\\\/\\\/orient-kontor.com\\\/die-orangenbluete-aus-unserem-schwarztee-ist-ein-echter-allrounder\\\/#primaryimage\"},\"image\":{\"@id\":\"https:\\\/\\\/orient-kontor.com\\\/die-orangenbluete-aus-unserem-schwarztee-ist-ein-echter-allrounder\\\/#primaryimage\"},\"thumbnailUrl\":\"https:\\\/\\\/orient-kontor.com\\\/wp-content\\\/uploads\\\/2023\\\/05\\\/orangenbluete-schwarztee.avif\",\"datePublished\":\"2023-05-16T17:02:31+00:00\",\"dateModified\":\"2023-05-16T17:02:32+00:00\",\"breadcrumb\":{\"@id\":\"https:\\\/\\\/orient-kontor.com\\\/die-orangenbluete-aus-unserem-schwarztee-ist-ein-echter-allrounder\\\/#breadcrumb\"},\"inLanguage\":\"en-GB\",\"potentialAction\":[{\"@type\":\"ReadAction\",\"target\":[\"https:\\\/\\\/orient-kontor.com\\\/die-orangenbluete-aus-unserem-schwarztee-ist-ein-echter-allrounder\\\/\"]}]},{\"@type\":\"ImageObject\",\"inLanguage\":\"en-GB\",\"@id\":\"https:\\\/\\\/orient-kontor.com\\\/die-orangenbluete-aus-unserem-schwarztee-ist-ein-echter-allrounder\\\/#primaryimage\",\"url\":\"https:\\\/\\\/orient-kontor.com\\\/wp-content\\\/uploads\\\/2023\\\/05\\\/orangenbluete-schwarztee.avif\",\"contentUrl\":\"https:\\\/\\\/orient-kontor.com\\\/wp-content\\\/uploads\\\/2023\\\/05\\\/orangenbluete-schwarztee.avif\",\"width\":1080,\"height\":1080},{\"@type\":\"BreadcrumbList\",\"@id\":\"https:\\\/\\\/orient-kontor.com\\\/die-orangenbluete-aus-unserem-schwarztee-ist-ein-echter-allrounder\\\/#breadcrumb\",\"itemListElement\":[{\"@type\":\"ListItem\",\"position\":1,\"name\":\"Startseite\",\"item\":\"https:\\\/\\\/orient-kontor.com\\\/\"},{\"@type\":\"ListItem\",\"position\":2,\"name\":\"Die Orangenbl\u00fcte aus unserem Schwarztee ist ein echter Allrounder!\"}]},{\"@type\":\"WebSite\",\"@id\":\"https:\\\/\\\/orient-kontor.com\\\/#website\",\"url\":\"https:\\\/\\\/orient-kontor.com\\\/\",\"name\":\"Orient Kontor\",\"description\":\"\",\"publisher\":{\"@id\":\"https:\\\/\\\/orient-kontor.com\\\/#organization\"},\"potentialAction\":[{\"@type\":\"SearchAction\",\"target\":{\"@type\":\"EntryPoint\",\"urlTemplate\":\"https:\\\/\\\/orient-kontor.com\\\/?s={search_term_string}\"},\"query-input\":{\"@type\":\"PropertyValueSpecification\",\"valueRequired\":true,\"valueName\":\"search_term_string\"}}],\"inLanguage\":\"en-GB\"},{\"@type\":\"Organization\",\"@id\":\"https:\\\/\\\/orient-kontor.com\\\/#organization\",\"name\":\"Orient Kontor\",\"url\":\"https:\\\/\\\/orient-kontor.com\\\/\",\"logo\":{\"@type\":\"ImageObject\",\"inLanguage\":\"en-GB\",\"@id\":\"https:\\\/\\\/orient-kontor.com\\\/#\\\/schema\\\/logo\\\/image\\\/\",\"url\":\"https:\\\/\\\/orient-kontor.com\\\/wp-content\\\/uploads\\\/2020\\\/08\\\/orient-kontor-logo.png\",\"contentUrl\":\"https:\\\/\\\/orient-kontor.com\\\/wp-content\\\/uploads\\\/2020\\\/08\\\/orient-kontor-logo.png\",\"width\":800,\"height\":302,\"caption\":\"Orient Kontor\"},\"image\":{\"@id\":\"https:\\\/\\\/orient-kontor.com\\\/#\\\/schema\\\/logo\\\/image\\\/\"},\"sameAs\":[\"https:\\\/\\\/www.facebook.com\\\/orientkontor\\\/\",\"https:\\\/\\\/www.instagram.com\\\/orient_kontor\\\/\"]},{\"@type\":\"Person\",\"@id\":\"https:\\\/\\\/orient-kontor.com\\\/#\\\/schema\\\/person\\\/f606a8e410a46eebc912b447124a05b7\",\"name\":\"Simon Grutschus\",\"sameAs\":[\"https:\\\/\\\/orient-kontor.com\"]}]}<\/script>\n<!-- \/ Yoast SEO plugin. -->","yoast_head_json":{"title":"Die Orangenbl\u00fcte aus unserem Schwarztee ist ein echter Allrounder! - Orient Kontor","robots":{"index":"index","follow":"follow","max-snippet":"max-snippet:-1","max-image-preview":"max-image-preview:large","max-video-preview":"max-video-preview:-1"},"canonical":"https:\/\/orient-kontor.com\/en\/die-orangenbluete-aus-unserem-schwarztee-ist-ein-echter-allrounder\/","og_locale":"en_GB","og_type":"article","og_title":"Die Orangenbl\u00fcte aus unserem Schwarztee ist ein echter Allrounder! - Orient Kontor","og_description":"Moin und Salam! \ud83d\ude4b\u200d\u2640\ufe0f\ud83e\udde1Wusstet ihr, dass die Orangenbl\u00fcten (Flos Aurantii) in unserem Schwarztee ein echter Allrounder sind? Sie bereichern den Tee nicht nur mit frisch-herben Zitrusaromen, sondern ihnen werden auch verschiedenste Wirkungen nachgesagt. So sollen Orangenbl\u00fcten bei Erregungszust\u00e4nden und Schlafst\u00f6rungen beruhigend und insgesamt nervenst\u00e4rkend wirken. Aber auch ein magenberuhigender Effekt wird vermutet, sodass der Aufguss [&hellip;]","og_url":"https:\/\/orient-kontor.com\/en\/die-orangenbluete-aus-unserem-schwarztee-ist-ein-echter-allrounder\/","og_site_name":"Orient Kontor","article_publisher":"https:\/\/www.facebook.com\/orientkontor\/","article_published_time":"2023-05-16T17:02:31+00:00","article_modified_time":"2023-05-16T17:02:32+00:00","og_image":[{"width":1080,"height":1080,"url":"https:\/\/orient-kontor.com\/wp-content\/uploads\/2023\/05\/orangenbluete-schwarztee.jpg","type":"image\/jpeg"}],"author":"Simon Grutschus","twitter_card":"summary_large_image","twitter_misc":{"Written by":"Simon Grutschus"},"schema":{"@context":"https:\/\/schema.org","@graph":[{"@type":"Article","@id":"https:\/\/orient-kontor.com\/die-orangenbluete-aus-unserem-schwarztee-ist-ein-echter-allrounder\/#article","isPartOf":{"@id":"https:\/\/orient-kontor.com\/die-orangenbluete-aus-unserem-schwarztee-ist-ein-echter-allrounder\/"},"author":{"name":"Simon Grutschus","@id":"https:\/\/orient-kontor.com\/#\/schema\/person\/f606a8e410a46eebc912b447124a05b7"},"headline":"Die Orangenbl\u00fcte aus unserem Schwarztee ist ein echter Allrounder!","datePublished":"2023-05-16T17:02:31+00:00","dateModified":"2023-05-16T17:02:32+00:00","mainEntityOfPage":{"@id":"https:\/\/orient-kontor.com\/die-orangenbluete-aus-unserem-schwarztee-ist-ein-echter-allrounder\/"},"wordCount":97,"commentCount":0,"publisher":{"@id":"https:\/\/orient-kontor.com\/#organization"},"image":{"@id":"https:\/\/orient-kontor.com\/die-orangenbluete-aus-unserem-schwarztee-ist-ein-echter-allrounder\/#primaryimage"},"thumbnailUrl":"https:\/\/orient-kontor.com\/wp-content\/uploads\/2023\/05\/orangenbluete-schwarztee.avif","articleSection":["Soziale Medien 2"],"inLanguage":"en-GB","potentialAction":[{"@type":"CommentAction","name":"Comment","target":["https:\/\/orient-kontor.com\/die-orangenbluete-aus-unserem-schwarztee-ist-ein-echter-allrounder\/#respond"]}]},{"@type":"WebPage","@id":"https:\/\/orient-kontor.com\/die-orangenbluete-aus-unserem-schwarztee-ist-ein-echter-allrounder\/","url":"https:\/\/orient-kontor.com\/die-orangenbluete-aus-unserem-schwarztee-ist-ein-echter-allrounder\/","name":"Die Orangenbl\u00fcte aus unserem Schwarztee ist ein echter Allrounder! - Orient Kontor","isPartOf":{"@id":"https:\/\/orient-kontor.com\/#website"},"primaryImageOfPage":{"@id":"https:\/\/orient-kontor.com\/die-orangenbluete-aus-unserem-schwarztee-ist-ein-echter-allrounder\/#primaryimage"},"image":{"@id":"https:\/\/orient-kontor.com\/die-orangenbluete-aus-unserem-schwarztee-ist-ein-echter-allrounder\/#primaryimage"},"thumbnailUrl":"https:\/\/orient-kontor.com\/wp-content\/uploads\/2023\/05\/orangenbluete-schwarztee.avif","datePublished":"2023-05-16T17:02:31+00:00","dateModified":"2023-05-16T17:02:32+00:00","breadcrumb":{"@id":"https:\/\/orient-kontor.com\/die-orangenbluete-aus-unserem-schwarztee-ist-ein-echter-allrounder\/#breadcrumb"},"inLanguage":"en-GB","potentialAction":[{"@type":"ReadAction","target":["https:\/\/orient-kontor.com\/die-orangenbluete-aus-unserem-schwarztee-ist-ein-echter-allrounder\/"]}]},{"@type":"ImageObject","inLanguage":"en-GB","@id":"https:\/\/orient-kontor.com\/die-orangenbluete-aus-unserem-schwarztee-ist-ein-echter-allrounder\/#primaryimage","url":"https:\/\/orient-kontor.com\/wp-content\/uploads\/2023\/05\/orangenbluete-schwarztee.avif","contentUrl":"https:\/\/orient-kontor.com\/wp-content\/uploads\/2023\/05\/orangenbluete-schwarztee.avif","width":1080,"height":1080},{"@type":"BreadcrumbList","@id":"https:\/\/orient-kontor.com\/die-orangenbluete-aus-unserem-schwarztee-ist-ein-echter-allrounder\/#breadcrumb","itemListElement":[{"@type":"ListItem","position":1,"name":"Startseite","item":"https:\/\/orient-kontor.com\/"},{"@type":"ListItem","position":2,"name":"Die Orangenbl\u00fcte aus unserem Schwarztee ist ein echter Allrounder!"}]},{"@type":"WebSite","@id":"https:\/\/orient-kontor.com\/#website","url":"https:\/\/orient-kontor.com\/","name":"Orient Kontor","description":"","publisher":{"@id":"https:\/\/orient-kontor.com\/#organization"},"potentialAction":[{"@type":"SearchAction","target":{"@type":"EntryPoint","urlTemplate":"https:\/\/orient-kontor.com\/?s={search_term_string}"},"query-input":{"@type":"PropertyValueSpecification","valueRequired":true,"valueName":"search_term_string"}}],"inLanguage":"en-GB"},{"@type":"Organization","@id":"https:\/\/orient-kontor.com\/#organization","name":"Orient Kontor","url":"https:\/\/orient-kontor.com\/","logo":{"@type":"ImageObject","inLanguage":"en-GB","@id":"https:\/\/orient-kontor.com\/#\/schema\/logo\/image\/","url":"https:\/\/orient-kontor.com\/wp-content\/uploads\/2020\/08\/orient-kontor-logo.png","contentUrl":"https:\/\/orient-kontor.com\/wp-content\/uploads\/2020\/08\/orient-kontor-logo.png","width":800,"height":302,"caption":"Orient Kontor"},"image":{"@id":"https:\/\/orient-kontor.com\/#\/schema\/logo\/image\/"},"sameAs":["https:\/\/www.facebook.com\/orientkontor\/","https:\/\/www.instagram.com\/orient_kontor\/"]},{"@type":"Person","@id":"https:\/\/orient-kontor.com\/#\/schema\/person\/f606a8e410a46eebc912b447124a05b7","name":"Simon Grutschus","sameAs":["https:\/\/orient-kontor.com"]}]}},"_links":{"self":[{"href":"https:\/\/orient-kontor.com\/en\/wp-json\/wp\/v2\/posts\/5338","targetHints":{"allow":["GET"]}}],"collection":[{"href":"https:\/\/orient-kontor.com\/en\/wp-json\/wp\/v2\/posts"}],"about":[{"href":"https:\/\/orient-kontor.com\/en\/wp-json\/wp\/v2\/types\/post"}],"author":[{"embeddable":true,"href":"https:\/\/orient-kontor.com\/en\/wp-json\/wp\/v2\/users\/2"}],"replies":[{"embeddable":true,"href":"https:\/\/orient-kontor.com\/en\/wp-json\/wp\/v2\/comments?post=5338"}],"version-history":[{"count":0,"href":"https:\/\/orient-kontor.com\/en\/wp-json\/wp\/v2\/posts\/5338\/revisions"}],"wp:featuredmedia":[{"embeddable":true,"href":"https:\/\/orient-kontor.com\/en\/wp-json\/wp\/v2\/media\/5339"}],"wp:attachment":[{"href":"https:\/\/orient-kontor.com\/en\/wp-json\/wp\/v2\/media?parent=5338"}],"wp:term":[{"taxonomy":"category","embeddable":true,"href":"https:\/\/orient-kontor.com\/en\/wp-json\/wp\/v2\/categories?post=5338"},{"taxonomy":"post_tag","embeddable":true,"href":"https:\/\/orient-kontor.com\/en\/wp-json\/wp\/v2\/tags?post=5338"}],"curies":[{"name":"wp","href":"https:\/\/api.w.org\/{rel}","templated":true}]}}